{"id":9217,"date":"2015-09-15T05:06:15","date_gmt":"2015-09-15T04:06:15","guid":{"rendered":"http:\/\/www.presalesmarketing-blog.com\/?p=9217"},"modified":"2015-09-15T05:06:56","modified_gmt":"2015-09-15T04:06:56","slug":"facebook-redesign-des-business-managers","status":"publish","type":"post","link":"https:\/\/nabenhauer-consulting.com\/blog\/facebook-redesign-des-business-managers\/","title":{"rendered":"Facebook: Redesign des Business Managers"},"content":{"rendered":"<div class=\"snippet\"><strong>Facebook: Redesign des Business Managers<\/strong><\/div>\n<div class=\"snippet\">Der Business Manager, geliebt von den einen, gehasst von den anderen, pr\u00e4sentiert sich in einem neuen Design. Die gute Nachricht zuerst f\u00fcr alle, die nun denken \u201cmuss das sein\u201d, man kann tempor\u00e4r &#8230;<br \/>\n<a href=\"http:\/\/www.thomashutter.com\/index.php\/2015\/07\/facebook-redesign-des-business-managers\/\" rel=\"nofollow\" target=\"_blank\">Original Artikel ansehen <\/a><\/div>\n<div class=\"snippet\"><\/div>\n<div class=\"snippet\"><strong>Bessere Ausbildung, mehr LinkedIn-Nutzer<\/strong><\/div>\n<div class=\"snippet\">Wer diese Tage in Shanghai oder Peking unterwegs ist, dem springt vor allem eine Plakatwerbung ins Auge. Ob in der Metro oder an Bushaltestellen: Die blau-wei\u00dfen Anzeigen f\u00fcr LinkedIn sind derzeit kaum zu \u00fcbersehen. Das wachsende Interesse junger Chinesen an dem Business-Netzwerk ist vor allem Folge einer besseren Ausbildung und \u2026<\/div>\n<div class=\"snippet\"><a href=\"http:\/\/socialmedia-blog.net\/china\/bessere-ausbildung-mehr-linkedin-nutzer\/\" rel=\"nofollow\" target=\"_blank\">Original Artikel ansehen <\/a><\/div>\n<div class=\"snippet\"><\/div>\n<div class=\"snippet\"><strong>Ist dein Online-Marketing wirklich fit f\u00fcr die Zukunft?<\/strong><\/div>\n<div class=\"snippet\">Bj\u00f6rn Tantau, Thomas Hutter und Mirco Lange: Das sind nur einige der Social-Media-Experten, die der Einladung zum Online-Marketing-Tag am 4. September 2015 in Wiesbaden folgen werden. Dabei wird es um Themen, wie erfolgreiches Blogmarketing, effektive SEO-Strategien und Management-Reporting gehen. Auch die Frage, wie Arbeitgeber soziale Netzwerke dazu nutzen k\u00f6nnen<br \/>\n<a href=\"http:\/\/socialmedia-blog.net\/deutschland\/online-marketing-zukunft\/\" rel=\"nofollow\" target=\"_blank\">Original Artikel ansehen <\/a><\/div>\n<div class=\"snippet\"><\/div>\n<div class=\"snippet\"><strong>Wann ist der beste Zeitpunkt f\u00fcr Twitter-Tweets?<\/strong><\/div>\n<div class=\"snippet\">Wollten Sie schon immer wissen, wann Sie Ihre Tweets setzen sollten um die meisten Leser zu erreichen? Wann bekommen Sie auf Ihre Tweets die meisten Retweets? Buffer konnte als Online-Tool, \u00fcber welches Sie Ihre Postings f\u00fcr Ihre Social-Media-Kan\u00e4le programmieren k\u00f6nnen<\/div>\n<div class=\"snippet\"><a href=\"http:\/\/feedproxy.google.com\/~r\/socialmediainternational\/~3\/m1yF19Nj56k\/\" rel=\"nofollow\" target=\"_blank\">Original Artikel ansehen <\/a><\/div>\n<div class=\"snippet\"><\/div>\n<div class=\"snippet\"><strong>Facebook: Messenger auch ohne Facebook Konto nutzen<\/strong><\/div>\n<div class=\"snippet\">Der beliebte Facebook Messenger wird weiter ge\u00f6ffnet. Wie Facebook im News Room mitteilt, kann der Messenger in Kanada, in den USA, in Peru und Venezuela neu auch ohne Facebook Konto betrieben werden.<\/div>\n<div class=\"snippet\"><a href=\"http:\/\/www.thomashutter.com\/index.php\/2015\/06\/facebook-messenger-auch-ohne-facebook-konto-nutzen\/\" rel=\"nofollow\" target=\"_blank\">Original Artikel ansehen <\/a><\/div>\n","protected":false},"excerpt":{"rendered":"<p>Facebook: Redesign des Business Managers Der Business Manager, geliebt von den einen, gehasst von den anderen,&hellip;<\/p>\n","protected":false},"author":5,"featured_media":0,"comment_status":"open","ping_status":"open","sticky":false,"template":"","format":"standard","meta":{"title":["Facebook: Redesign des Business Managers"],"description":["Facebook: Redesign des Business ManagersDer Business Manager, geliebt von den einen, gehasst von den anderen, pr\u00e4sentiert sich in ein"],"keywords":[""],"_edit_lock":["1442289916:9"],"_edit_last":["9"],"_s2mail":["yes"],"_av_alb_posts_elements_state":["a:0:{}"],"_av_el_mgr_version":["1.0"],"_av_alb_element_mgr_version":["1.0.1"],"penci_post_views_count":["843"],"penci_post_week_views_count":["4"],"penci_post_month_views_count":["13"],"_oembed_92e0f51be67c1e4f707ae09dcae0f7f2":["<iframe title=\"Der SocialMedia-Club von Robert Nabenhauer (PreSales Marketing)\" width=\"1170\" height=\"658\" src=\"https:\/\/www.youtube.com\/embed\/QUmpVtSBgTg?feature=oembed\" frameborder=\"0\" allow=\"accelerometer; autoplay; encrypted-media; gyroscope; picture-in-picture\" allowfullscreen><\/iframe>"],"_oembed_time_92e0f51be67c1e4f707ae09dcae0f7f2":["1571671335"]},"categories":[272],"tags":[],"class_list":["post-9217","post","type-post","status-publish","format-standard","hentry","category-soziale-netzwerke"],"yoast_head":"<!-- This site is optimized with the Yoast SEO plugin v27.5 - https:\/\/yoast.com\/product\/yoast-seo-wordpress\/ -->\n<title>\u25b7Facebook: Redesign des Business Managers - PreSales Marketing<\/title>\n<meta name=\"robots\" content=\"index, follow, max-snippet:-1, max-image-preview:large, max-video-preview:-1\" \/>\n<link rel=\"canonical\" href=\"https:\/\/nabenhauer-consulting.com\/blog\/facebook-redesign-des-business-managers\/\" \/>\n<meta name=\"twitter:label1\" content=\"Verfasst von\" \/>\n\t<meta name=\"twitter:data1\" content=\"Robert Nabenhauer\" \/>\n\t<meta name=\"twitter:label2\" content=\"Gesch\u00e4tzte Lesezeit\" \/>\n\t<meta name=\"twitter:data2\" content=\"1\u00a0Minute\" \/>\n<script type=\"application\/ld+json\" class=\"yoast-schema-graph\">{\"@context\":\"https:\\\/\\\/schema.org\",\"@graph\":[{\"@type\":\"Article\",\"@id\":\"https:\\\/\\\/nabenhauer-consulting.com\\\/blog\\\/facebook-redesign-des-business-managers\\\/#article\",\"isPartOf\":{\"@id\":\"https:\\\/\\\/nabenhauer-consulting.com\\\/blog\\\/facebook-redesign-des-business-managers\\\/\"},\"author\":{\"name\":\"Robert Nabenhauer\",\"@id\":\"https:\\\/\\\/nabenhauer-consulting.com\\\/blog\\\/#\\\/schema\\\/person\\\/223d5c3f1d46f04c87fb0ae46006a7df\"},\"headline\":\"Facebook: Redesign des Business Managers\",\"datePublished\":\"2015-09-15T04:06:15+00:00\",\"dateModified\":\"2015-09-15T04:06:56+00:00\",\"mainEntityOfPage\":{\"@id\":\"https:\\\/\\\/nabenhauer-consulting.com\\\/blog\\\/facebook-redesign-des-business-managers\\\/\"},\"wordCount\":265,\"commentCount\":0,\"articleSection\":[\"Soziale Netzwerke\"],\"inLanguage\":\"de\"},{\"@type\":\"WebPage\",\"@id\":\"https:\\\/\\\/nabenhauer-consulting.com\\\/blog\\\/facebook-redesign-des-business-managers\\\/\",\"url\":\"https:\\\/\\\/nabenhauer-consulting.com\\\/blog\\\/facebook-redesign-des-business-managers\\\/\",\"name\":\"\u25b7Facebook: Redesign des Business Managers - PreSales Marketing\",\"isPartOf\":{\"@id\":\"https:\\\/\\\/nabenhauer-consulting.com\\\/blog\\\/#website\"},\"datePublished\":\"2015-09-15T04:06:15+00:00\",\"dateModified\":\"2015-09-15T04:06:56+00:00\",\"author\":{\"@id\":\"https:\\\/\\\/nabenhauer-consulting.com\\\/blog\\\/#\\\/schema\\\/person\\\/223d5c3f1d46f04c87fb0ae46006a7df\"},\"breadcrumb\":{\"@id\":\"https:\\\/\\\/nabenhauer-consulting.com\\\/blog\\\/facebook-redesign-des-business-managers\\\/#breadcrumb\"},\"inLanguage\":\"de\",\"potentialAction\":[{\"@type\":\"ReadAction\",\"target\":[\"https:\\\/\\\/nabenhauer-consulting.com\\\/blog\\\/facebook-redesign-des-business-managers\\\/\"]}]},{\"@type\":\"BreadcrumbList\",\"@id\":\"https:\\\/\\\/nabenhauer-consulting.com\\\/blog\\\/facebook-redesign-des-business-managers\\\/#breadcrumb\",\"itemListElement\":[{\"@type\":\"ListItem\",\"position\":1,\"name\":\"Home\",\"item\":\"https:\\\/\\\/nabenhauer-consulting.com\\\/blog\\\/\"},{\"@type\":\"ListItem\",\"position\":2,\"name\":\"Facebook: Redesign des Business Managers\"}]},{\"@type\":\"WebSite\",\"@id\":\"https:\\\/\\\/nabenhauer-consulting.com\\\/blog\\\/#website\",\"url\":\"https:\\\/\\\/nabenhauer-consulting.com\\\/blog\\\/\",\"name\":\"PreSales Marketing\",\"description\":\"Das Erfolgsprinzip\",\"potentialAction\":[{\"@type\":\"SearchAction\",\"target\":{\"@type\":\"EntryPoint\",\"urlTemplate\":\"https:\\\/\\\/nabenhauer-consulting.com\\\/blog\\\/?s={search_term_string}\"},\"query-input\":{\"@type\":\"PropertyValueSpecification\",\"valueRequired\":true,\"valueName\":\"search_term_string\"}}],\"inLanguage\":\"de\"},{\"@type\":\"Person\",\"@id\":\"https:\\\/\\\/nabenhauer-consulting.com\\\/blog\\\/#\\\/schema\\\/person\\\/223d5c3f1d46f04c87fb0ae46006a7df\",\"name\":\"Robert Nabenhauer\",\"image\":{\"@type\":\"ImageObject\",\"inLanguage\":\"de\",\"@id\":\"https:\\\/\\\/secure.gravatar.com\\\/avatar\\\/df3acf6cf5e0c9a53374fffcec9dbe6ba05ea1d428f62155c1a68d85f27c91d4?s=96&d=mm&r=g\",\"url\":\"https:\\\/\\\/secure.gravatar.com\\\/avatar\\\/df3acf6cf5e0c9a53374fffcec9dbe6ba05ea1d428f62155c1a68d85f27c91d4?s=96&d=mm&r=g\",\"contentUrl\":\"https:\\\/\\\/secure.gravatar.com\\\/avatar\\\/df3acf6cf5e0c9a53374fffcec9dbe6ba05ea1d428f62155c1a68d85f27c91d4?s=96&d=mm&r=g\",\"caption\":\"Robert Nabenhauer\"}}]}<\/script>\n<!-- \/ Yoast SEO plugin. -->","yoast_head_json":{"title":"\u25b7Facebook: Redesign des Business Managers - PreSales Marketing","robots":{"index":"index","follow":"follow","max-snippet":"max-snippet:-1","max-image-preview":"max-image-preview:large","max-video-preview":"max-video-preview:-1"},"canonical":"https:\/\/nabenhauer-consulting.com\/blog\/facebook-redesign-des-business-managers\/","twitter_misc":{"Verfasst von":"Robert Nabenhauer","Gesch\u00e4tzte Lesezeit":"1\u00a0Minute"},"schema":{"@context":"https:\/\/schema.org","@graph":[{"@type":"Article","@id":"https:\/\/nabenhauer-consulting.com\/blog\/facebook-redesign-des-business-managers\/#article","isPartOf":{"@id":"https:\/\/nabenhauer-consulting.com\/blog\/facebook-redesign-des-business-managers\/"},"author":{"name":"Robert Nabenhauer","@id":"https:\/\/nabenhauer-consulting.com\/blog\/#\/schema\/person\/223d5c3f1d46f04c87fb0ae46006a7df"},"headline":"Facebook: Redesign des Business Managers","datePublished":"2015-09-15T04:06:15+00:00","dateModified":"2015-09-15T04:06:56+00:00","mainEntityOfPage":{"@id":"https:\/\/nabenhauer-consulting.com\/blog\/facebook-redesign-des-business-managers\/"},"wordCount":265,"commentCount":0,"articleSection":["Soziale Netzwerke"],"inLanguage":"de"},{"@type":"WebPage","@id":"https:\/\/nabenhauer-consulting.com\/blog\/facebook-redesign-des-business-managers\/","url":"https:\/\/nabenhauer-consulting.com\/blog\/facebook-redesign-des-business-managers\/","name":"\u25b7Facebook: Redesign des Business Managers - PreSales Marketing","isPartOf":{"@id":"https:\/\/nabenhauer-consulting.com\/blog\/#website"},"datePublished":"2015-09-15T04:06:15+00:00","dateModified":"2015-09-15T04:06:56+00:00","author":{"@id":"https:\/\/nabenhauer-consulting.com\/blog\/#\/schema\/person\/223d5c3f1d46f04c87fb0ae46006a7df"},"breadcrumb":{"@id":"https:\/\/nabenhauer-consulting.com\/blog\/facebook-redesign-des-business-managers\/#breadcrumb"},"inLanguage":"de","potentialAction":[{"@type":"ReadAction","target":["https:\/\/nabenhauer-consulting.com\/blog\/facebook-redesign-des-business-managers\/"]}]},{"@type":"BreadcrumbList","@id":"https:\/\/nabenhauer-consulting.com\/blog\/facebook-redesign-des-business-managers\/#breadcrumb","itemListElement":[{"@type":"ListItem","position":1,"name":"Home","item":"https:\/\/nabenhauer-consulting.com\/blog\/"},{"@type":"ListItem","position":2,"name":"Facebook: Redesign des Business Managers"}]},{"@type":"WebSite","@id":"https:\/\/nabenhauer-consulting.com\/blog\/#website","url":"https:\/\/nabenhauer-consulting.com\/blog\/","name":"PreSales Marketing","description":"Das Erfolgsprinzip","potentialAction":[{"@type":"SearchAction","target":{"@type":"EntryPoint","urlTemplate":"https:\/\/nabenhauer-consulting.com\/blog\/?s={search_term_string}"},"query-input":{"@type":"PropertyValueSpecification","valueRequired":true,"valueName":"search_term_string"}}],"inLanguage":"de"},{"@type":"Person","@id":"https:\/\/nabenhauer-consulting.com\/blog\/#\/schema\/person\/223d5c3f1d46f04c87fb0ae46006a7df","name":"Robert Nabenhauer","image":{"@type":"ImageObject","inLanguage":"de","@id":"https:\/\/secure.gravatar.com\/avatar\/df3acf6cf5e0c9a53374fffcec9dbe6ba05ea1d428f62155c1a68d85f27c91d4?s=96&d=mm&r=g","url":"https:\/\/secure.gravatar.com\/avatar\/df3acf6cf5e0c9a53374fffcec9dbe6ba05ea1d428f62155c1a68d85f27c91d4?s=96&d=mm&r=g","contentUrl":"https:\/\/secure.gravatar.com\/avatar\/df3acf6cf5e0c9a53374fffcec9dbe6ba05ea1d428f62155c1a68d85f27c91d4?s=96&d=mm&r=g","caption":"Robert Nabenhauer"}}]}},"_links":{"self":[{"href":"https:\/\/nabenhauer-consulting.com\/blog\/wp-json\/wp\/v2\/posts\/9217","targetHints":{"allow":["GET"]}}],"collection":[{"href":"https:\/\/nabenhauer-consulting.com\/blog\/wp-json\/wp\/v2\/posts"}],"about":[{"href":"https:\/\/nabenhauer-consulting.com\/blog\/wp-json\/wp\/v2\/types\/post"}],"author":[{"embeddable":true,"href":"https:\/\/nabenhauer-consulting.com\/blog\/wp-json\/wp\/v2\/users\/5"}],"replies":[{"embeddable":true,"href":"https:\/\/nabenhauer-consulting.com\/blog\/wp-json\/wp\/v2\/comments?post=9217"}],"version-history":[{"count":0,"href":"https:\/\/nabenhauer-consulting.com\/blog\/wp-json\/wp\/v2\/posts\/9217\/revisions"}],"wp:attachment":[{"href":"https:\/\/nabenhauer-consulting.com\/blog\/wp-json\/wp\/v2\/media?parent=9217"}],"wp:term":[{"taxonomy":"category","embeddable":true,"href":"https:\/\/nabenhauer-consulting.com\/blog\/wp-json\/wp\/v2\/categories?post=9217"},{"taxonomy":"post_tag","embeddable":true,"href":"https:\/\/nabenhauer-consulting.com\/blog\/wp-json\/wp\/v2\/tags?post=9217"}],"curies":[{"name":"wp","href":"https:\/\/api.w.org\/{rel}","templated":true}]}}