{"id":8674,"date":"2015-09-08T13:18:11","date_gmt":"2015-09-08T12:18:11","guid":{"rendered":"http:\/\/www.presalesmarketing-blog.com\/?p=8674"},"modified":"2015-09-08T13:18:11","modified_gmt":"2015-09-08T12:18:11","slug":"immer-weniger-nutzen-social-media-in-deutschland","status":"publish","type":"post","link":"https:\/\/nabenhauer-consulting.com\/blog\/immer-weniger-nutzen-social-media-in-deutschland\/","title":{"rendered":"Immer weniger nutzen Social Media in Deutschland"},"content":{"rendered":"<div class=\"snippet\"><strong>Immer weniger nutzen Social Media in Deutschland<\/strong>&nbsp;<\/p>\n<p>Die Nutzung von sozialen Netzwerken in Deutschland geht wesentlich zur\u00fcck. Wenn man einer Studie glaubt dann nutzen nur noch 68% der Deutschen regelm\u00e4\u00dfig Netzwerke wie zum Beispiel Facebook, Twitter, Xing und Co. Im Jahr 2014 waren mit 68% mehr als zwei Drittel der Deutschen ab 14 Jahren auf den Social&#8230;<br \/>\n<a href=\"http:\/\/www.social-media-journal.de\/immer-weniger-nutzen-social-media-in-deutschland\/\" rel=\"nofollow\" target=\"_blank\">Original Artikel ansehen <\/a><\/p>\n<\/div>\n<div class=\"snippet\"><\/div>\n<div class=\"snippet\"><\/div>\n","protected":false},"excerpt":{"rendered":"<p>Immer weniger nutzen Social Media in Deutschland&nbsp; Die Nutzung von sozialen Netzwerken in Deutschland geht wesentlich&hellip;<\/p>\n","protected":false},"author":11,"featured_media":0,"comment_status":"open","ping_status":"open","sticky":false,"template":"","format":"standard","meta":{"title":["Immer weniger nutzen Social Media in Deutschland"],"description":["Immer weniger nutzen Social Media in DeutschlandDie Nutzung von sozialen Netzwerken in Deutschland geht wesentlich zur\u00fcck. Wenn man e"],"keywords":[""],"_edit_lock":["1441714627:9"],"_edit_last":["9"],"_s2mail":["yes"],"_av_alb_posts_elements_state":["a:0:{}"],"_av_el_mgr_version":["1.0"],"_av_alb_element_mgr_version":["1.0.1"],"penci_post_views_count":["815"],"penci_post_week_views_count":["6"],"penci_post_month_views_count":["17"],"_oembed_92e0f51be67c1e4f707ae09dcae0f7f2":["<iframe title=\"Der SocialMedia-Club von Robert Nabenhauer (PreSales Marketing)\" width=\"1170\" height=\"658\" src=\"https:\/\/www.youtube.com\/embed\/QUmpVtSBgTg?feature=oembed\" frameborder=\"0\" allow=\"accelerometer; autoplay; encrypted-media; gyroscope; picture-in-picture\" allowfullscreen><\/iframe>"],"_oembed_time_92e0f51be67c1e4f707ae09dcae0f7f2":["1571615404"]},"categories":[272],"tags":[],"class_list":["post-8674","post","type-post","status-publish","format-standard","hentry","category-soziale-netzwerke"],"yoast_head":"<!-- This site is optimized with the Yoast SEO plugin v27.5 - https:\/\/yoast.com\/product\/yoast-seo-wordpress\/ -->\n<title>\u25b7Immer weniger nutzen Social Media in Deutschland - PreSales Marketing<\/title>\n<meta name=\"robots\" content=\"index, follow, max-snippet:-1, max-image-preview:large, max-video-preview:-1\" \/>\n<link rel=\"canonical\" href=\"https:\/\/nabenhauer-consulting.com\/blog\/immer-weniger-nutzen-social-media-in-deutschland\/\" \/>\n<meta name=\"twitter:label1\" content=\"Verfasst von\" \/>\n\t<meta name=\"twitter:data1\" content=\"Robert Nabenhauer\" \/>\n<script type=\"application\/ld+json\" class=\"yoast-schema-graph\">{\"@context\":\"https:\\\/\\\/schema.org\",\"@graph\":[{\"@type\":\"Article\",\"@id\":\"https:\\\/\\\/nabenhauer-consulting.com\\\/blog\\\/immer-weniger-nutzen-social-media-in-deutschland\\\/#article\",\"isPartOf\":{\"@id\":\"https:\\\/\\\/nabenhauer-consulting.com\\\/blog\\\/immer-weniger-nutzen-social-media-in-deutschland\\\/\"},\"author\":{\"name\":\"Robert Nabenhauer\",\"@id\":\"https:\\\/\\\/nabenhauer-consulting.com\\\/blog\\\/#\\\/schema\\\/person\\\/d74c98cb4163d1bbdc859d185c6c1812\"},\"headline\":\"Immer weniger nutzen Social Media in Deutschland\",\"datePublished\":\"2015-09-08T12:18:11+00:00\",\"mainEntityOfPage\":{\"@id\":\"https:\\\/\\\/nabenhauer-consulting.com\\\/blog\\\/immer-weniger-nutzen-social-media-in-deutschland\\\/\"},\"wordCount\":66,\"commentCount\":0,\"articleSection\":[\"Soziale Netzwerke\"],\"inLanguage\":\"de\"},{\"@type\":\"WebPage\",\"@id\":\"https:\\\/\\\/nabenhauer-consulting.com\\\/blog\\\/immer-weniger-nutzen-social-media-in-deutschland\\\/\",\"url\":\"https:\\\/\\\/nabenhauer-consulting.com\\\/blog\\\/immer-weniger-nutzen-social-media-in-deutschland\\\/\",\"name\":\"\u25b7Immer weniger nutzen Social Media in Deutschland - PreSales Marketing\",\"isPartOf\":{\"@id\":\"https:\\\/\\\/nabenhauer-consulting.com\\\/blog\\\/#website\"},\"datePublished\":\"2015-09-08T12:18:11+00:00\",\"author\":{\"@id\":\"https:\\\/\\\/nabenhauer-consulting.com\\\/blog\\\/#\\\/schema\\\/person\\\/d74c98cb4163d1bbdc859d185c6c1812\"},\"breadcrumb\":{\"@id\":\"https:\\\/\\\/nabenhauer-consulting.com\\\/blog\\\/immer-weniger-nutzen-social-media-in-deutschland\\\/#breadcrumb\"},\"inLanguage\":\"de\",\"potentialAction\":[{\"@type\":\"ReadAction\",\"target\":[\"https:\\\/\\\/nabenhauer-consulting.com\\\/blog\\\/immer-weniger-nutzen-social-media-in-deutschland\\\/\"]}]},{\"@type\":\"BreadcrumbList\",\"@id\":\"https:\\\/\\\/nabenhauer-consulting.com\\\/blog\\\/immer-weniger-nutzen-social-media-in-deutschland\\\/#breadcrumb\",\"itemListElement\":[{\"@type\":\"ListItem\",\"position\":1,\"name\":\"Home\",\"item\":\"https:\\\/\\\/nabenhauer-consulting.com\\\/blog\\\/\"},{\"@type\":\"ListItem\",\"position\":2,\"name\":\"Immer weniger nutzen Social Media in Deutschland\"}]},{\"@type\":\"WebSite\",\"@id\":\"https:\\\/\\\/nabenhauer-consulting.com\\\/blog\\\/#website\",\"url\":\"https:\\\/\\\/nabenhauer-consulting.com\\\/blog\\\/\",\"name\":\"PreSales Marketing\",\"description\":\"Das Erfolgsprinzip\",\"potentialAction\":[{\"@type\":\"SearchAction\",\"target\":{\"@type\":\"EntryPoint\",\"urlTemplate\":\"https:\\\/\\\/nabenhauer-consulting.com\\\/blog\\\/?s={search_term_string}\"},\"query-input\":{\"@type\":\"PropertyValueSpecification\",\"valueRequired\":true,\"valueName\":\"search_term_string\"}}],\"inLanguage\":\"de\"},{\"@type\":\"Person\",\"@id\":\"https:\\\/\\\/nabenhauer-consulting.com\\\/blog\\\/#\\\/schema\\\/person\\\/d74c98cb4163d1bbdc859d185c6c1812\",\"name\":\"Robert Nabenhauer\",\"image\":{\"@type\":\"ImageObject\",\"inLanguage\":\"de\",\"@id\":\"https:\\\/\\\/secure.gravatar.com\\\/avatar\\\/e55a96e72516231a0063daccde5496b98f44c8509034a9595f7458b622ca191c?s=96&d=mm&r=g\",\"url\":\"https:\\\/\\\/secure.gravatar.com\\\/avatar\\\/e55a96e72516231a0063daccde5496b98f44c8509034a9595f7458b622ca191c?s=96&d=mm&r=g\",\"contentUrl\":\"https:\\\/\\\/secure.gravatar.com\\\/avatar\\\/e55a96e72516231a0063daccde5496b98f44c8509034a9595f7458b622ca191c?s=96&d=mm&r=g\",\"caption\":\"Robert Nabenhauer\"}}]}<\/script>\n<!-- \/ Yoast SEO plugin. -->","yoast_head_json":{"title":"\u25b7Immer weniger nutzen Social Media in Deutschland - PreSales Marketing","robots":{"index":"index","follow":"follow","max-snippet":"max-snippet:-1","max-image-preview":"max-image-preview:large","max-video-preview":"max-video-preview:-1"},"canonical":"https:\/\/nabenhauer-consulting.com\/blog\/immer-weniger-nutzen-social-media-in-deutschland\/","twitter_misc":{"Verfasst von":"Robert Nabenhauer"},"schema":{"@context":"https:\/\/schema.org","@graph":[{"@type":"Article","@id":"https:\/\/nabenhauer-consulting.com\/blog\/immer-weniger-nutzen-social-media-in-deutschland\/#article","isPartOf":{"@id":"https:\/\/nabenhauer-consulting.com\/blog\/immer-weniger-nutzen-social-media-in-deutschland\/"},"author":{"name":"Robert Nabenhauer","@id":"https:\/\/nabenhauer-consulting.com\/blog\/#\/schema\/person\/d74c98cb4163d1bbdc859d185c6c1812"},"headline":"Immer weniger nutzen Social Media in Deutschland","datePublished":"2015-09-08T12:18:11+00:00","mainEntityOfPage":{"@id":"https:\/\/nabenhauer-consulting.com\/blog\/immer-weniger-nutzen-social-media-in-deutschland\/"},"wordCount":66,"commentCount":0,"articleSection":["Soziale Netzwerke"],"inLanguage":"de"},{"@type":"WebPage","@id":"https:\/\/nabenhauer-consulting.com\/blog\/immer-weniger-nutzen-social-media-in-deutschland\/","url":"https:\/\/nabenhauer-consulting.com\/blog\/immer-weniger-nutzen-social-media-in-deutschland\/","name":"\u25b7Immer weniger nutzen Social Media in Deutschland - PreSales Marketing","isPartOf":{"@id":"https:\/\/nabenhauer-consulting.com\/blog\/#website"},"datePublished":"2015-09-08T12:18:11+00:00","author":{"@id":"https:\/\/nabenhauer-consulting.com\/blog\/#\/schema\/person\/d74c98cb4163d1bbdc859d185c6c1812"},"breadcrumb":{"@id":"https:\/\/nabenhauer-consulting.com\/blog\/immer-weniger-nutzen-social-media-in-deutschland\/#breadcrumb"},"inLanguage":"de","potentialAction":[{"@type":"ReadAction","target":["https:\/\/nabenhauer-consulting.com\/blog\/immer-weniger-nutzen-social-media-in-deutschland\/"]}]},{"@type":"BreadcrumbList","@id":"https:\/\/nabenhauer-consulting.com\/blog\/immer-weniger-nutzen-social-media-in-deutschland\/#breadcrumb","itemListElement":[{"@type":"ListItem","position":1,"name":"Home","item":"https:\/\/nabenhauer-consulting.com\/blog\/"},{"@type":"ListItem","position":2,"name":"Immer weniger nutzen Social Media in Deutschland"}]},{"@type":"WebSite","@id":"https:\/\/nabenhauer-consulting.com\/blog\/#website","url":"https:\/\/nabenhauer-consulting.com\/blog\/","name":"PreSales Marketing","description":"Das Erfolgsprinzip","potentialAction":[{"@type":"SearchAction","target":{"@type":"EntryPoint","urlTemplate":"https:\/\/nabenhauer-consulting.com\/blog\/?s={search_term_string}"},"query-input":{"@type":"PropertyValueSpecification","valueRequired":true,"valueName":"search_term_string"}}],"inLanguage":"de"},{"@type":"Person","@id":"https:\/\/nabenhauer-consulting.com\/blog\/#\/schema\/person\/d74c98cb4163d1bbdc859d185c6c1812","name":"Robert Nabenhauer","image":{"@type":"ImageObject","inLanguage":"de","@id":"https:\/\/secure.gravatar.com\/avatar\/e55a96e72516231a0063daccde5496b98f44c8509034a9595f7458b622ca191c?s=96&d=mm&r=g","url":"https:\/\/secure.gravatar.com\/avatar\/e55a96e72516231a0063daccde5496b98f44c8509034a9595f7458b622ca191c?s=96&d=mm&r=g","contentUrl":"https:\/\/secure.gravatar.com\/avatar\/e55a96e72516231a0063daccde5496b98f44c8509034a9595f7458b622ca191c?s=96&d=mm&r=g","caption":"Robert Nabenhauer"}}]}},"_links":{"self":[{"href":"https:\/\/nabenhauer-consulting.com\/blog\/wp-json\/wp\/v2\/posts\/8674","targetHints":{"allow":["GET"]}}],"collection":[{"href":"https:\/\/nabenhauer-consulting.com\/blog\/wp-json\/wp\/v2\/posts"}],"about":[{"href":"https:\/\/nabenhauer-consulting.com\/blog\/wp-json\/wp\/v2\/types\/post"}],"author":[{"embeddable":true,"href":"https:\/\/nabenhauer-consulting.com\/blog\/wp-json\/wp\/v2\/users\/11"}],"replies":[{"embeddable":true,"href":"https:\/\/nabenhauer-consulting.com\/blog\/wp-json\/wp\/v2\/comments?post=8674"}],"version-history":[{"count":0,"href":"https:\/\/nabenhauer-consulting.com\/blog\/wp-json\/wp\/v2\/posts\/8674\/revisions"}],"wp:attachment":[{"href":"https:\/\/nabenhauer-consulting.com\/blog\/wp-json\/wp\/v2\/media?parent=8674"}],"wp:term":[{"taxonomy":"category","embeddable":true,"href":"https:\/\/nabenhauer-consulting.com\/blog\/wp-json\/wp\/v2\/categories?post=8674"},{"taxonomy":"post_tag","embeddable":true,"href":"https:\/\/nabenhauer-consulting.com\/blog\/wp-json\/wp\/v2\/tags?post=8674"}],"curies":[{"name":"wp","href":"https:\/\/api.w.org\/{rel}","templated":true}]}}