{"id":8625,"date":"2015-09-08T12:50:42","date_gmt":"2015-09-08T11:50:42","guid":{"rendered":"http:\/\/www.presalesmarketing-blog.com\/?p=8625"},"modified":"2015-09-08T12:50:42","modified_gmt":"2015-09-08T11:50:42","slug":"bilder-sagen-mehr-als-visuelle-netzwerke-in-der-pr","status":"publish","type":"post","link":"https:\/\/nabenhauer-consulting.com\/blog\/bilder-sagen-mehr-als-visuelle-netzwerke-in-der-pr\/","title":{"rendered":"Bilder sagen mehr als\u2026 \u2013 visuelle Netzwerke in der PR"},"content":{"rendered":"<div class=\"snippet\"><strong>Bilder sagen mehr als\u2026 \u2013 visuelle Netzwerke in der PR<\/strong>&nbsp;<\/p>\n<p>Bilder haben eine unheimlich starke Wirkung auf uns Menschen. Sie transportieren schnell und einpr\u00e4gsam Informationen, die in der Regel auch Emotionen beim Betrachter wecken. Grunds\u00e4tzlich sind etwa 90 Prozent der an unser Gehirn weitergeleiteten Informationen visuell. Das hat auch einen Grund, denn Bilder werden vom menschlichen Gehirn knapp 60.000 Mal schneller verarbeitet, als beispielsweise Text<\/p>\n<p><a href=\"http:\/\/blog.lewispr.de\/bilder-sagen-mehr-als-visuelle-netzwerke-in-der-pr\/\" rel=\"nofollow\" target=\"_blank\">Original Artikel ansehen<\/a><\/p>\n<\/div>\n<div class=\"snippet\"><\/div>\n<div class=\"snippet\"><\/div>\n<div class=\"snippet\"><strong>Social Media \u2013 es ist alles gesagt<\/strong>&nbsp;<\/p>\n<p>F\u00fcr Unternehmen im KMU-Bereich ist der Einstieg in Social Media nach wie vor schwierig. Ca. 60% dieser Unternehmen sind nicht in Social Media engagiert. Die Gr\u00fcnde daf\u00fcr sind vielf\u00e4ltig.<\/p>\n<p><a href=\"http:\/\/www.loers-vertriebsberatung.de\/2015\/06\/social-media-gesagt\/\" rel=\"nofollow\" target=\"_blank\">Original Artikel ansehen<\/a><\/p>\n<\/div>\n<div class=\"snippet\"><\/div>\n","protected":false},"excerpt":{"rendered":"<p>Bilder sagen mehr als\u2026 \u2013 visuelle Netzwerke in der PR&nbsp; Bilder haben eine unheimlich starke Wirkung&hellip;<\/p>\n","protected":false},"author":11,"featured_media":0,"comment_status":"open","ping_status":"open","sticky":false,"template":"","format":"standard","meta":{"title":["Bilder sagen mehr als\u2026 \u2013 visuelle Netzwerke in der PR"],"description":["Bilder sagen mehr als\u2026 \u2013 visuelle Netzwerke in der PRBilder haben eine unheimlich starke Wirkung auf uns Menschen. Sie transportie"],"keywords":[""],"_edit_lock":["1441712982:9"],"_edit_last":["9"],"_s2mail":["yes"],"_av_alb_posts_elements_state":["a:0:{}"],"_av_el_mgr_version":["1.0"],"_av_alb_element_mgr_version":["1.0.1"],"penci_post_views_count":["811"],"penci_post_week_views_count":["4"],"penci_post_month_views_count":["15"],"_oembed_92e0f51be67c1e4f707ae09dcae0f7f2":["<iframe title=\"Der SocialMedia-Club von Robert Nabenhauer (PreSales Marketing)\" width=\"1170\" height=\"658\" src=\"https:\/\/www.youtube.com\/embed\/QUmpVtSBgTg?feature=oembed\" frameborder=\"0\" allow=\"accelerometer; autoplay; encrypted-media; gyroscope; picture-in-picture\" allowfullscreen><\/iframe>"],"_oembed_time_92e0f51be67c1e4f707ae09dcae0f7f2":["1571713664"]},"categories":[73],"tags":[],"class_list":["post-8625","post","type-post","status-publish","format-standard","hentry","category-vertrieb"],"yoast_head":"<!-- This site is optimized with the Yoast SEO plugin v27.5 - https:\/\/yoast.com\/product\/yoast-seo-wordpress\/ -->\n<title>\u25b7Bilder sagen mehr als\u2026 \u2013 visuelle Netzwerke in der PR - PreSales Marketing<\/title>\n<meta name=\"robots\" content=\"index, follow, max-snippet:-1, max-image-preview:large, max-video-preview:-1\" \/>\n<link rel=\"canonical\" href=\"https:\/\/nabenhauer-consulting.com\/blog\/bilder-sagen-mehr-als-visuelle-netzwerke-in-der-pr\/\" \/>\n<meta name=\"twitter:label1\" content=\"Verfasst von\" \/>\n\t<meta name=\"twitter:data1\" content=\"Robert Nabenhauer\" \/>\n\t<meta name=\"twitter:label2\" content=\"Gesch\u00e4tzte Lesezeit\" \/>\n\t<meta name=\"twitter:data2\" content=\"1\u00a0Minute\" \/>\n<script type=\"application\/ld+json\" class=\"yoast-schema-graph\">{\"@context\":\"https:\\\/\\\/schema.org\",\"@graph\":[{\"@type\":\"Article\",\"@id\":\"https:\\\/\\\/nabenhauer-consulting.com\\\/blog\\\/bilder-sagen-mehr-als-visuelle-netzwerke-in-der-pr\\\/#article\",\"isPartOf\":{\"@id\":\"https:\\\/\\\/nabenhauer-consulting.com\\\/blog\\\/bilder-sagen-mehr-als-visuelle-netzwerke-in-der-pr\\\/\"},\"author\":{\"name\":\"Robert Nabenhauer\",\"@id\":\"https:\\\/\\\/nabenhauer-consulting.com\\\/blog\\\/#\\\/schema\\\/person\\\/d74c98cb4163d1bbdc859d185c6c1812\"},\"headline\":\"Bilder sagen mehr als\u2026 \u2013 visuelle Netzwerke in der PR\",\"datePublished\":\"2015-09-08T11:50:42+00:00\",\"mainEntityOfPage\":{\"@id\":\"https:\\\/\\\/nabenhauer-consulting.com\\\/blog\\\/bilder-sagen-mehr-als-visuelle-netzwerke-in-der-pr\\\/\"},\"wordCount\":119,\"commentCount\":0,\"articleSection\":[\"Vertrieb\"],\"inLanguage\":\"de\"},{\"@type\":\"WebPage\",\"@id\":\"https:\\\/\\\/nabenhauer-consulting.com\\\/blog\\\/bilder-sagen-mehr-als-visuelle-netzwerke-in-der-pr\\\/\",\"url\":\"https:\\\/\\\/nabenhauer-consulting.com\\\/blog\\\/bilder-sagen-mehr-als-visuelle-netzwerke-in-der-pr\\\/\",\"name\":\"\u25b7Bilder sagen mehr als\u2026 \u2013 visuelle Netzwerke in der PR - PreSales Marketing\",\"isPartOf\":{\"@id\":\"https:\\\/\\\/nabenhauer-consulting.com\\\/blog\\\/#website\"},\"datePublished\":\"2015-09-08T11:50:42+00:00\",\"author\":{\"@id\":\"https:\\\/\\\/nabenhauer-consulting.com\\\/blog\\\/#\\\/schema\\\/person\\\/d74c98cb4163d1bbdc859d185c6c1812\"},\"breadcrumb\":{\"@id\":\"https:\\\/\\\/nabenhauer-consulting.com\\\/blog\\\/bilder-sagen-mehr-als-visuelle-netzwerke-in-der-pr\\\/#breadcrumb\"},\"inLanguage\":\"de\",\"potentialAction\":[{\"@type\":\"ReadAction\",\"target\":[\"https:\\\/\\\/nabenhauer-consulting.com\\\/blog\\\/bilder-sagen-mehr-als-visuelle-netzwerke-in-der-pr\\\/\"]}]},{\"@type\":\"BreadcrumbList\",\"@id\":\"https:\\\/\\\/nabenhauer-consulting.com\\\/blog\\\/bilder-sagen-mehr-als-visuelle-netzwerke-in-der-pr\\\/#breadcrumb\",\"itemListElement\":[{\"@type\":\"ListItem\",\"position\":1,\"name\":\"Home\",\"item\":\"https:\\\/\\\/nabenhauer-consulting.com\\\/blog\\\/\"},{\"@type\":\"ListItem\",\"position\":2,\"name\":\"Bilder sagen mehr als\u2026 \u2013 visuelle Netzwerke in der PR\"}]},{\"@type\":\"WebSite\",\"@id\":\"https:\\\/\\\/nabenhauer-consulting.com\\\/blog\\\/#website\",\"url\":\"https:\\\/\\\/nabenhauer-consulting.com\\\/blog\\\/\",\"name\":\"PreSales Marketing\",\"description\":\"Das Erfolgsprinzip\",\"potentialAction\":[{\"@type\":\"SearchAction\",\"target\":{\"@type\":\"EntryPoint\",\"urlTemplate\":\"https:\\\/\\\/nabenhauer-consulting.com\\\/blog\\\/?s={search_term_string}\"},\"query-input\":{\"@type\":\"PropertyValueSpecification\",\"valueRequired\":true,\"valueName\":\"search_term_string\"}}],\"inLanguage\":\"de\"},{\"@type\":\"Person\",\"@id\":\"https:\\\/\\\/nabenhauer-consulting.com\\\/blog\\\/#\\\/schema\\\/person\\\/d74c98cb4163d1bbdc859d185c6c1812\",\"name\":\"Robert Nabenhauer\",\"image\":{\"@type\":\"ImageObject\",\"inLanguage\":\"de\",\"@id\":\"https:\\\/\\\/secure.gravatar.com\\\/avatar\\\/e55a96e72516231a0063daccde5496b98f44c8509034a9595f7458b622ca191c?s=96&d=mm&r=g\",\"url\":\"https:\\\/\\\/secure.gravatar.com\\\/avatar\\\/e55a96e72516231a0063daccde5496b98f44c8509034a9595f7458b622ca191c?s=96&d=mm&r=g\",\"contentUrl\":\"https:\\\/\\\/secure.gravatar.com\\\/avatar\\\/e55a96e72516231a0063daccde5496b98f44c8509034a9595f7458b622ca191c?s=96&d=mm&r=g\",\"caption\":\"Robert Nabenhauer\"}}]}<\/script>\n<!-- \/ Yoast SEO plugin. -->","yoast_head_json":{"title":"\u25b7Bilder sagen mehr als\u2026 \u2013 visuelle Netzwerke in der PR - PreSales Marketing","robots":{"index":"index","follow":"follow","max-snippet":"max-snippet:-1","max-image-preview":"max-image-preview:large","max-video-preview":"max-video-preview:-1"},"canonical":"https:\/\/nabenhauer-consulting.com\/blog\/bilder-sagen-mehr-als-visuelle-netzwerke-in-der-pr\/","twitter_misc":{"Verfasst von":"Robert Nabenhauer","Gesch\u00e4tzte Lesezeit":"1\u00a0Minute"},"schema":{"@context":"https:\/\/schema.org","@graph":[{"@type":"Article","@id":"https:\/\/nabenhauer-consulting.com\/blog\/bilder-sagen-mehr-als-visuelle-netzwerke-in-der-pr\/#article","isPartOf":{"@id":"https:\/\/nabenhauer-consulting.com\/blog\/bilder-sagen-mehr-als-visuelle-netzwerke-in-der-pr\/"},"author":{"name":"Robert Nabenhauer","@id":"https:\/\/nabenhauer-consulting.com\/blog\/#\/schema\/person\/d74c98cb4163d1bbdc859d185c6c1812"},"headline":"Bilder sagen mehr als\u2026 \u2013 visuelle Netzwerke in der PR","datePublished":"2015-09-08T11:50:42+00:00","mainEntityOfPage":{"@id":"https:\/\/nabenhauer-consulting.com\/blog\/bilder-sagen-mehr-als-visuelle-netzwerke-in-der-pr\/"},"wordCount":119,"commentCount":0,"articleSection":["Vertrieb"],"inLanguage":"de"},{"@type":"WebPage","@id":"https:\/\/nabenhauer-consulting.com\/blog\/bilder-sagen-mehr-als-visuelle-netzwerke-in-der-pr\/","url":"https:\/\/nabenhauer-consulting.com\/blog\/bilder-sagen-mehr-als-visuelle-netzwerke-in-der-pr\/","name":"\u25b7Bilder sagen mehr als\u2026 \u2013 visuelle Netzwerke in der PR - PreSales Marketing","isPartOf":{"@id":"https:\/\/nabenhauer-consulting.com\/blog\/#website"},"datePublished":"2015-09-08T11:50:42+00:00","author":{"@id":"https:\/\/nabenhauer-consulting.com\/blog\/#\/schema\/person\/d74c98cb4163d1bbdc859d185c6c1812"},"breadcrumb":{"@id":"https:\/\/nabenhauer-consulting.com\/blog\/bilder-sagen-mehr-als-visuelle-netzwerke-in-der-pr\/#breadcrumb"},"inLanguage":"de","potentialAction":[{"@type":"ReadAction","target":["https:\/\/nabenhauer-consulting.com\/blog\/bilder-sagen-mehr-als-visuelle-netzwerke-in-der-pr\/"]}]},{"@type":"BreadcrumbList","@id":"https:\/\/nabenhauer-consulting.com\/blog\/bilder-sagen-mehr-als-visuelle-netzwerke-in-der-pr\/#breadcrumb","itemListElement":[{"@type":"ListItem","position":1,"name":"Home","item":"https:\/\/nabenhauer-consulting.com\/blog\/"},{"@type":"ListItem","position":2,"name":"Bilder sagen mehr als\u2026 \u2013 visuelle Netzwerke in der PR"}]},{"@type":"WebSite","@id":"https:\/\/nabenhauer-consulting.com\/blog\/#website","url":"https:\/\/nabenhauer-consulting.com\/blog\/","name":"PreSales Marketing","description":"Das Erfolgsprinzip","potentialAction":[{"@type":"SearchAction","target":{"@type":"EntryPoint","urlTemplate":"https:\/\/nabenhauer-consulting.com\/blog\/?s={search_term_string}"},"query-input":{"@type":"PropertyValueSpecification","valueRequired":true,"valueName":"search_term_string"}}],"inLanguage":"de"},{"@type":"Person","@id":"https:\/\/nabenhauer-consulting.com\/blog\/#\/schema\/person\/d74c98cb4163d1bbdc859d185c6c1812","name":"Robert Nabenhauer","image":{"@type":"ImageObject","inLanguage":"de","@id":"https:\/\/secure.gravatar.com\/avatar\/e55a96e72516231a0063daccde5496b98f44c8509034a9595f7458b622ca191c?s=96&d=mm&r=g","url":"https:\/\/secure.gravatar.com\/avatar\/e55a96e72516231a0063daccde5496b98f44c8509034a9595f7458b622ca191c?s=96&d=mm&r=g","contentUrl":"https:\/\/secure.gravatar.com\/avatar\/e55a96e72516231a0063daccde5496b98f44c8509034a9595f7458b622ca191c?s=96&d=mm&r=g","caption":"Robert Nabenhauer"}}]}},"_links":{"self":[{"href":"https:\/\/nabenhauer-consulting.com\/blog\/wp-json\/wp\/v2\/posts\/8625","targetHints":{"allow":["GET"]}}],"collection":[{"href":"https:\/\/nabenhauer-consulting.com\/blog\/wp-json\/wp\/v2\/posts"}],"about":[{"href":"https:\/\/nabenhauer-consulting.com\/blog\/wp-json\/wp\/v2\/types\/post"}],"author":[{"embeddable":true,"href":"https:\/\/nabenhauer-consulting.com\/blog\/wp-json\/wp\/v2\/users\/11"}],"replies":[{"embeddable":true,"href":"https:\/\/nabenhauer-consulting.com\/blog\/wp-json\/wp\/v2\/comments?post=8625"}],"version-history":[{"count":0,"href":"https:\/\/nabenhauer-consulting.com\/blog\/wp-json\/wp\/v2\/posts\/8625\/revisions"}],"wp:attachment":[{"href":"https:\/\/nabenhauer-consulting.com\/blog\/wp-json\/wp\/v2\/media?parent=8625"}],"wp:term":[{"taxonomy":"category","embeddable":true,"href":"https:\/\/nabenhauer-consulting.com\/blog\/wp-json\/wp\/v2\/categories?post=8625"},{"taxonomy":"post_tag","embeddable":true,"href":"https:\/\/nabenhauer-consulting.com\/blog\/wp-json\/wp\/v2\/tags?post=8625"}],"curies":[{"name":"wp","href":"https:\/\/api.w.org\/{rel}","templated":true}]}}