{"id":12414,"date":"2016-02-20T09:37:42","date_gmt":"2016-02-20T08:37:42","guid":{"rendered":"http:\/\/www.presalesmarketing-blog.com\/?p=12414"},"modified":"2016-02-20T09:37:42","modified_gmt":"2016-02-20T08:37:42","slug":"kai-loeffelbein-dessen-im-weserkurier-erschienenden-reportagefotos-fuer-den-nannen-preis-nominiert-sind-ueber-seine-arbeit","status":"publish","type":"post","link":"https:\/\/nabenhauer-consulting.com\/blog\/kai-loeffelbein-dessen-im-weserkurier-erschienenden-reportagefotos-fuer-den-nannen-preis-nominiert-sind-ueber-seine-arbeit\/","title":{"rendered":"Kai L\u00f6ffelbein, dessen im Weserkurier erschienenden Reportagefotos f\u00fcr den Nannen-Preis nominiert sind, \u00fcber seine Arbeit."},"content":{"rendered":"<div class=\"snippet\"><strong>Kai L\u00f6ffelbein, dessen im Weserkurier erschienenden Reportagefotos f\u00fcr den Nannen-Preis nominiert sind, \u00fcber seine Arbeit.<\/strong><br \/>\nDas sind so Herzensgeschichten, wo ich wei\u00df, dass ich sie machen muss. Etliche Verlage in Deutschland und Google liegen seit Monaten im Dauerclinch und bek\u00e4mpfen sich auf verschiedenen juristischen Ebenen. Vor dem\u2026 Mehr als 70 Autoren protestieren in einem offenen Brief gegen die Pl\u00e4ne\u00a0&#8230;<br \/>\n<a href=\"http:\/\/meedia.de\/2016\/02\/19\/kai-loeffelbein-dessen-im-weserkurier-erschienenden-reportagefotos-fuer-den-nannen-preis-nominiert-sind-ueber-seine-arbeit\/\" target=\"_blank\" rel=\"nofollow\">Original Artikel ansehen<\/a><\/p>\n<\/div>\n","protected":false},"excerpt":{"rendered":"<p>Kai L\u00f6ffelbein, dessen im Weserkurier erschienenden Reportagefotos f\u00fcr den Nannen-Preis nominiert sind, \u00fcber seine Arbeit. Das&hellip;<\/p>\n","protected":false},"author":11,"featured_media":0,"comment_status":"open","ping_status":"open","sticky":false,"template":"","format":"standard","meta":{"title":["Kai L\u00f6ffelbein, dessen im Weserkurier erschienenden Reportagefotos f\u00fcr den Nannen-Preis nominiert sind, \u00fcber seine Arbeit."],"description":["Kai L\u00f6ffelbein, dessen im Weserkurier erschienenden Reportagefotos f\u00fcr den Nannen-Preis nominiert sind, \u00fcber seine Arbeit.Das sind "],"keywords":[""],"_edit_lock":["1455957339:9"],"_edit_last":["9"],"feature_post":[null],"post_media_type":["image"],"quote_author":[""],"link":[""],"embed_code":[""],"slider_button":["0"],"slider_effect":["fade"],"slide_speed":[""],"image_array":[""],"sidebar_selector":[null],"_av_alb_posts_elements_state":["a:0:{}"],"_av_el_mgr_version":["1.0"],"_av_alb_element_mgr_version":["1.0.1"],"penci_post_views_count":["809"],"penci_post_week_views_count":["2"],"penci_post_month_views_count":["11"],"_oembed_92e0f51be67c1e4f707ae09dcae0f7f2":["<iframe title=\"Der SocialMedia-Club von Robert Nabenhauer (PreSales Marketing)\" width=\"1170\" height=\"658\" src=\"https:\/\/www.youtube.com\/embed\/QUmpVtSBgTg?feature=oembed\" frameborder=\"0\" allow=\"accelerometer; autoplay; encrypted-media; gyroscope; picture-in-picture\" allowfullscreen><\/iframe>"],"_oembed_time_92e0f51be67c1e4f707ae09dcae0f7f2":["1571667219"]},"categories":[272],"tags":[],"class_list":["post-12414","post","type-post","status-publish","format-standard","hentry","category-soziale-netzwerke"],"yoast_head":"<!-- This site is optimized with the Yoast SEO plugin v27.4 - https:\/\/yoast.com\/product\/yoast-seo-wordpress\/ -->\n<title>\u25b7Kai L\u00f6ffelbein, dessen im Weserkurier erschienenden Reportagefotos f\u00fcr den Nannen-Preis nominiert sind, \u00fcber seine Arbeit. - PreSales Marketing<\/title>\n<meta name=\"robots\" content=\"index, follow, max-snippet:-1, max-image-preview:large, max-video-preview:-1\" \/>\n<link rel=\"canonical\" href=\"https:\/\/nabenhauer-consulting.com\/blog\/kai-loeffelbein-dessen-im-weserkurier-erschienenden-reportagefotos-fuer-den-nannen-preis-nominiert-sind-ueber-seine-arbeit\/\" \/>\n<meta name=\"twitter:label1\" content=\"Verfasst von\" \/>\n\t<meta name=\"twitter:data1\" content=\"Robert Nabenhauer\" \/>\n<script type=\"application\/ld+json\" class=\"yoast-schema-graph\">{\"@context\":\"https:\\\/\\\/schema.org\",\"@graph\":[{\"@type\":\"Article\",\"@id\":\"https:\\\/\\\/nabenhauer-consulting.com\\\/blog\\\/kai-loeffelbein-dessen-im-weserkurier-erschienenden-reportagefotos-fuer-den-nannen-preis-nominiert-sind-ueber-seine-arbeit\\\/#article\",\"isPartOf\":{\"@id\":\"https:\\\/\\\/nabenhauer-consulting.com\\\/blog\\\/kai-loeffelbein-dessen-im-weserkurier-erschienenden-reportagefotos-fuer-den-nannen-preis-nominiert-sind-ueber-seine-arbeit\\\/\"},\"author\":{\"name\":\"Robert Nabenhauer\",\"@id\":\"https:\\\/\\\/nabenhauer-consulting.com\\\/blog\\\/#\\\/schema\\\/person\\\/d74c98cb4163d1bbdc859d185c6c1812\"},\"headline\":\"Kai L\u00f6ffelbein, dessen im Weserkurier erschienenden Reportagefotos f\u00fcr den Nannen-Preis nominiert sind, \u00fcber seine Arbeit.\",\"datePublished\":\"2016-02-20T08:37:42+00:00\",\"mainEntityOfPage\":{\"@id\":\"https:\\\/\\\/nabenhauer-consulting.com\\\/blog\\\/kai-loeffelbein-dessen-im-weserkurier-erschienenden-reportagefotos-fuer-den-nannen-preis-nominiert-sind-ueber-seine-arbeit\\\/\"},\"wordCount\":82,\"commentCount\":0,\"articleSection\":[\"Soziale Netzwerke\"],\"inLanguage\":\"de\"},{\"@type\":\"WebPage\",\"@id\":\"https:\\\/\\\/nabenhauer-consulting.com\\\/blog\\\/kai-loeffelbein-dessen-im-weserkurier-erschienenden-reportagefotos-fuer-den-nannen-preis-nominiert-sind-ueber-seine-arbeit\\\/\",\"url\":\"https:\\\/\\\/nabenhauer-consulting.com\\\/blog\\\/kai-loeffelbein-dessen-im-weserkurier-erschienenden-reportagefotos-fuer-den-nannen-preis-nominiert-sind-ueber-seine-arbeit\\\/\",\"name\":\"\u25b7Kai L\u00f6ffelbein, dessen im Weserkurier erschienenden Reportagefotos f\u00fcr den Nannen-Preis nominiert sind, \u00fcber seine Arbeit. - PreSales Marketing\",\"isPartOf\":{\"@id\":\"https:\\\/\\\/nabenhauer-consulting.com\\\/blog\\\/#website\"},\"datePublished\":\"2016-02-20T08:37:42+00:00\",\"author\":{\"@id\":\"https:\\\/\\\/nabenhauer-consulting.com\\\/blog\\\/#\\\/schema\\\/person\\\/d74c98cb4163d1bbdc859d185c6c1812\"},\"breadcrumb\":{\"@id\":\"https:\\\/\\\/nabenhauer-consulting.com\\\/blog\\\/kai-loeffelbein-dessen-im-weserkurier-erschienenden-reportagefotos-fuer-den-nannen-preis-nominiert-sind-ueber-seine-arbeit\\\/#breadcrumb\"},\"inLanguage\":\"de\",\"potentialAction\":[{\"@type\":\"ReadAction\",\"target\":[\"https:\\\/\\\/nabenhauer-consulting.com\\\/blog\\\/kai-loeffelbein-dessen-im-weserkurier-erschienenden-reportagefotos-fuer-den-nannen-preis-nominiert-sind-ueber-seine-arbeit\\\/\"]}]},{\"@type\":\"BreadcrumbList\",\"@id\":\"https:\\\/\\\/nabenhauer-consulting.com\\\/blog\\\/kai-loeffelbein-dessen-im-weserkurier-erschienenden-reportagefotos-fuer-den-nannen-preis-nominiert-sind-ueber-seine-arbeit\\\/#breadcrumb\",\"itemListElement\":[{\"@type\":\"ListItem\",\"position\":1,\"name\":\"Home\",\"item\":\"https:\\\/\\\/nabenhauer-consulting.com\\\/blog\\\/\"},{\"@type\":\"ListItem\",\"position\":2,\"name\":\"Kai L\u00f6ffelbein, dessen im Weserkurier erschienenden Reportagefotos f\u00fcr den Nannen-Preis nominiert sind, \u00fcber seine Arbeit.\"}]},{\"@type\":\"WebSite\",\"@id\":\"https:\\\/\\\/nabenhauer-consulting.com\\\/blog\\\/#website\",\"url\":\"https:\\\/\\\/nabenhauer-consulting.com\\\/blog\\\/\",\"name\":\"PreSales Marketing\",\"description\":\"Das Erfolgsprinzip\",\"potentialAction\":[{\"@type\":\"SearchAction\",\"target\":{\"@type\":\"EntryPoint\",\"urlTemplate\":\"https:\\\/\\\/nabenhauer-consulting.com\\\/blog\\\/?s={search_term_string}\"},\"query-input\":{\"@type\":\"PropertyValueSpecification\",\"valueRequired\":true,\"valueName\":\"search_term_string\"}}],\"inLanguage\":\"de\"},{\"@type\":\"Person\",\"@id\":\"https:\\\/\\\/nabenhauer-consulting.com\\\/blog\\\/#\\\/schema\\\/person\\\/d74c98cb4163d1bbdc859d185c6c1812\",\"name\":\"Robert Nabenhauer\",\"image\":{\"@type\":\"ImageObject\",\"inLanguage\":\"de\",\"@id\":\"https:\\\/\\\/secure.gravatar.com\\\/avatar\\\/e55a96e72516231a0063daccde5496b98f44c8509034a9595f7458b622ca191c?s=96&d=mm&r=g\",\"url\":\"https:\\\/\\\/secure.gravatar.com\\\/avatar\\\/e55a96e72516231a0063daccde5496b98f44c8509034a9595f7458b622ca191c?s=96&d=mm&r=g\",\"contentUrl\":\"https:\\\/\\\/secure.gravatar.com\\\/avatar\\\/e55a96e72516231a0063daccde5496b98f44c8509034a9595f7458b622ca191c?s=96&d=mm&r=g\",\"caption\":\"Robert Nabenhauer\"}}]}<\/script>\n<!-- \/ Yoast SEO plugin. -->","yoast_head_json":{"title":"\u25b7Kai L\u00f6ffelbein, dessen im Weserkurier erschienenden Reportagefotos f\u00fcr den Nannen-Preis nominiert sind, \u00fcber seine Arbeit. - PreSales Marketing","robots":{"index":"index","follow":"follow","max-snippet":"max-snippet:-1","max-image-preview":"max-image-preview:large","max-video-preview":"max-video-preview:-1"},"canonical":"https:\/\/nabenhauer-consulting.com\/blog\/kai-loeffelbein-dessen-im-weserkurier-erschienenden-reportagefotos-fuer-den-nannen-preis-nominiert-sind-ueber-seine-arbeit\/","twitter_misc":{"Verfasst von":"Robert Nabenhauer"},"schema":{"@context":"https:\/\/schema.org","@graph":[{"@type":"Article","@id":"https:\/\/nabenhauer-consulting.com\/blog\/kai-loeffelbein-dessen-im-weserkurier-erschienenden-reportagefotos-fuer-den-nannen-preis-nominiert-sind-ueber-seine-arbeit\/#article","isPartOf":{"@id":"https:\/\/nabenhauer-consulting.com\/blog\/kai-loeffelbein-dessen-im-weserkurier-erschienenden-reportagefotos-fuer-den-nannen-preis-nominiert-sind-ueber-seine-arbeit\/"},"author":{"name":"Robert Nabenhauer","@id":"https:\/\/nabenhauer-consulting.com\/blog\/#\/schema\/person\/d74c98cb4163d1bbdc859d185c6c1812"},"headline":"Kai L\u00f6ffelbein, dessen im Weserkurier erschienenden Reportagefotos f\u00fcr den Nannen-Preis nominiert sind, \u00fcber seine Arbeit.","datePublished":"2016-02-20T08:37:42+00:00","mainEntityOfPage":{"@id":"https:\/\/nabenhauer-consulting.com\/blog\/kai-loeffelbein-dessen-im-weserkurier-erschienenden-reportagefotos-fuer-den-nannen-preis-nominiert-sind-ueber-seine-arbeit\/"},"wordCount":82,"commentCount":0,"articleSection":["Soziale Netzwerke"],"inLanguage":"de"},{"@type":"WebPage","@id":"https:\/\/nabenhauer-consulting.com\/blog\/kai-loeffelbein-dessen-im-weserkurier-erschienenden-reportagefotos-fuer-den-nannen-preis-nominiert-sind-ueber-seine-arbeit\/","url":"https:\/\/nabenhauer-consulting.com\/blog\/kai-loeffelbein-dessen-im-weserkurier-erschienenden-reportagefotos-fuer-den-nannen-preis-nominiert-sind-ueber-seine-arbeit\/","name":"\u25b7Kai L\u00f6ffelbein, dessen im Weserkurier erschienenden Reportagefotos f\u00fcr den Nannen-Preis nominiert sind, \u00fcber seine Arbeit. - PreSales Marketing","isPartOf":{"@id":"https:\/\/nabenhauer-consulting.com\/blog\/#website"},"datePublished":"2016-02-20T08:37:42+00:00","author":{"@id":"https:\/\/nabenhauer-consulting.com\/blog\/#\/schema\/person\/d74c98cb4163d1bbdc859d185c6c1812"},"breadcrumb":{"@id":"https:\/\/nabenhauer-consulting.com\/blog\/kai-loeffelbein-dessen-im-weserkurier-erschienenden-reportagefotos-fuer-den-nannen-preis-nominiert-sind-ueber-seine-arbeit\/#breadcrumb"},"inLanguage":"de","potentialAction":[{"@type":"ReadAction","target":["https:\/\/nabenhauer-consulting.com\/blog\/kai-loeffelbein-dessen-im-weserkurier-erschienenden-reportagefotos-fuer-den-nannen-preis-nominiert-sind-ueber-seine-arbeit\/"]}]},{"@type":"BreadcrumbList","@id":"https:\/\/nabenhauer-consulting.com\/blog\/kai-loeffelbein-dessen-im-weserkurier-erschienenden-reportagefotos-fuer-den-nannen-preis-nominiert-sind-ueber-seine-arbeit\/#breadcrumb","itemListElement":[{"@type":"ListItem","position":1,"name":"Home","item":"https:\/\/nabenhauer-consulting.com\/blog\/"},{"@type":"ListItem","position":2,"name":"Kai L\u00f6ffelbein, dessen im Weserkurier erschienenden Reportagefotos f\u00fcr den Nannen-Preis nominiert sind, \u00fcber seine Arbeit."}]},{"@type":"WebSite","@id":"https:\/\/nabenhauer-consulting.com\/blog\/#website","url":"https:\/\/nabenhauer-consulting.com\/blog\/","name":"PreSales Marketing","description":"Das Erfolgsprinzip","potentialAction":[{"@type":"SearchAction","target":{"@type":"EntryPoint","urlTemplate":"https:\/\/nabenhauer-consulting.com\/blog\/?s={search_term_string}"},"query-input":{"@type":"PropertyValueSpecification","valueRequired":true,"valueName":"search_term_string"}}],"inLanguage":"de"},{"@type":"Person","@id":"https:\/\/nabenhauer-consulting.com\/blog\/#\/schema\/person\/d74c98cb4163d1bbdc859d185c6c1812","name":"Robert Nabenhauer","image":{"@type":"ImageObject","inLanguage":"de","@id":"https:\/\/secure.gravatar.com\/avatar\/e55a96e72516231a0063daccde5496b98f44c8509034a9595f7458b622ca191c?s=96&d=mm&r=g","url":"https:\/\/secure.gravatar.com\/avatar\/e55a96e72516231a0063daccde5496b98f44c8509034a9595f7458b622ca191c?s=96&d=mm&r=g","contentUrl":"https:\/\/secure.gravatar.com\/avatar\/e55a96e72516231a0063daccde5496b98f44c8509034a9595f7458b622ca191c?s=96&d=mm&r=g","caption":"Robert Nabenhauer"}}]}},"_links":{"self":[{"href":"https:\/\/nabenhauer-consulting.com\/blog\/wp-json\/wp\/v2\/posts\/12414","targetHints":{"allow":["GET"]}}],"collection":[{"href":"https:\/\/nabenhauer-consulting.com\/blog\/wp-json\/wp\/v2\/posts"}],"about":[{"href":"https:\/\/nabenhauer-consulting.com\/blog\/wp-json\/wp\/v2\/types\/post"}],"author":[{"embeddable":true,"href":"https:\/\/nabenhauer-consulting.com\/blog\/wp-json\/wp\/v2\/users\/11"}],"replies":[{"embeddable":true,"href":"https:\/\/nabenhauer-consulting.com\/blog\/wp-json\/wp\/v2\/comments?post=12414"}],"version-history":[{"count":0,"href":"https:\/\/nabenhauer-consulting.com\/blog\/wp-json\/wp\/v2\/posts\/12414\/revisions"}],"wp:attachment":[{"href":"https:\/\/nabenhauer-consulting.com\/blog\/wp-json\/wp\/v2\/media?parent=12414"}],"wp:term":[{"taxonomy":"category","embeddable":true,"href":"https:\/\/nabenhauer-consulting.com\/blog\/wp-json\/wp\/v2\/categories?post=12414"},{"taxonomy":"post_tag","embeddable":true,"href":"https:\/\/nabenhauer-consulting.com\/blog\/wp-json\/wp\/v2\/tags?post=12414"}],"curies":[{"name":"wp","href":"https:\/\/api.w.org\/{rel}","templated":true}]}}