{"id":11401,"date":"2016-01-29T21:23:16","date_gmt":"2016-01-29T20:23:16","guid":{"rendered":"http:\/\/www.presalesmarketing-blog.com\/?p=11401"},"modified":"2016-01-29T21:23:16","modified_gmt":"2016-01-29T20:23:16","slug":"recht-und-vertraege-gewerbemietvertrag","status":"publish","type":"post","link":"https:\/\/nabenhauer-consulting.com\/blog\/recht-und-vertraege-gewerbemietvertrag\/","title":{"rendered":"Recht und Vertr\u00e4ge \u2013 Gewerbemietvertrag"},"content":{"rendered":"<div class=\"snippet\"><strong>Recht und Vertr\u00e4ge \u2013 Gewerbemietvertrag<\/strong><br \/>\nMit dem B\u00fcro oder der Werkstatt nimmt f\u00fcr Gr\u00fcnderinnen und Gr\u00fcnder der Traum von der Selbst\u00e4ndigkeit Gestalt an. B\u00fcro oder Werkstatt m\u00fcssen sie in der Regel mieten. Anders als bei Wohnraummietvertr\u00e4gen gibt es hier ein paar Besonderheiten. Mietdauer Mietvertr\u00e4ge \u00fcber&#8230;<br \/>\n<a href=\"http:\/\/feedproxy.google.com\/~r\/IHK-Existenzgruendung\/~3\/itbz6-oQwgw\/\" target=\"_blank\" rel=\"nofollow\">Original Artikel ansehen<\/a><\/p>\n<\/div>\n","protected":false},"excerpt":{"rendered":"<p>Recht und Vertr\u00e4ge \u2013 Gewerbemietvertrag Mit dem B\u00fcro oder der Werkstatt nimmt f\u00fcr Gr\u00fcnderinnen und Gr\u00fcnder&hellip;<\/p>\n","protected":false},"author":11,"featured_media":0,"comment_status":"open","ping_status":"open","sticky":false,"template":"","format":"standard","meta":{"title":["Recht und Vertr\u00e4ge \u2013 Gewerbemietvertrag"],"description":["Recht und Vertr\u00e4ge \u2013 GewerbemietvertragMit dem B\u00fcro oder der Werkstatt nimmt f\u00fcr Gr\u00fcnderinnen und Gr\u00fcnder der Traum von der Sel"],"keywords":[""],"_edit_lock":["1454098882:9"],"_edit_last":["9"],"feature_post":[null],"post_media_type":["image"],"quote_author":[""],"link":[""],"embed_code":[""],"slider_button":["0"],"slider_effect":["fade"],"slide_speed":[""],"image_array":[""],"sidebar_selector":[null],"_av_alb_posts_elements_state":["a:0:{}"],"_av_el_mgr_version":["1.0"],"_av_alb_element_mgr_version":["1.0.1"],"penci_post_views_count":["783"],"penci_post_week_views_count":["3"],"penci_post_month_views_count":["16"],"_oembed_92e0f51be67c1e4f707ae09dcae0f7f2":["<iframe title=\"Der SocialMedia-Club von Robert Nabenhauer (PreSales Marketing)\" width=\"1170\" height=\"658\" src=\"https:\/\/www.youtube.com\/embed\/QUmpVtSBgTg?feature=oembed\" frameborder=\"0\" allow=\"accelerometer; autoplay; encrypted-media; gyroscope; picture-in-picture\" allowfullscreen><\/iframe>"],"_oembed_time_92e0f51be67c1e4f707ae09dcae0f7f2":["1572036539"]},"categories":[73],"tags":[],"class_list":["post-11401","post","type-post","status-publish","format-standard","hentry","category-vertrieb"],"yoast_head":"<!-- This site is optimized with the Yoast SEO plugin v27.4 - https:\/\/yoast.com\/product\/yoast-seo-wordpress\/ -->\n<title>\u25b7Recht und Vertr\u00e4ge \u2013 Gewerbemietvertrag - PreSales Marketing<\/title>\n<meta name=\"robots\" content=\"index, follow, max-snippet:-1, max-image-preview:large, max-video-preview:-1\" \/>\n<link rel=\"canonical\" href=\"https:\/\/nabenhauer-consulting.com\/blog\/recht-und-vertraege-gewerbemietvertrag\/\" \/>\n<meta name=\"twitter:label1\" content=\"Verfasst von\" \/>\n\t<meta name=\"twitter:data1\" content=\"Robert Nabenhauer\" \/>\n<script type=\"application\/ld+json\" class=\"yoast-schema-graph\">{\"@context\":\"https:\\\/\\\/schema.org\",\"@graph\":[{\"@type\":\"Article\",\"@id\":\"https:\\\/\\\/nabenhauer-consulting.com\\\/blog\\\/recht-und-vertraege-gewerbemietvertrag\\\/#article\",\"isPartOf\":{\"@id\":\"https:\\\/\\\/nabenhauer-consulting.com\\\/blog\\\/recht-und-vertraege-gewerbemietvertrag\\\/\"},\"author\":{\"name\":\"Robert Nabenhauer\",\"@id\":\"https:\\\/\\\/nabenhauer-consulting.com\\\/blog\\\/#\\\/schema\\\/person\\\/d74c98cb4163d1bbdc859d185c6c1812\"},\"headline\":\"Recht und Vertr\u00e4ge \u2013 Gewerbemietvertrag\",\"datePublished\":\"2016-01-29T20:23:16+00:00\",\"mainEntityOfPage\":{\"@id\":\"https:\\\/\\\/nabenhauer-consulting.com\\\/blog\\\/recht-und-vertraege-gewerbemietvertrag\\\/\"},\"wordCount\":62,\"commentCount\":0,\"articleSection\":[\"Vertrieb\"],\"inLanguage\":\"de\"},{\"@type\":\"WebPage\",\"@id\":\"https:\\\/\\\/nabenhauer-consulting.com\\\/blog\\\/recht-und-vertraege-gewerbemietvertrag\\\/\",\"url\":\"https:\\\/\\\/nabenhauer-consulting.com\\\/blog\\\/recht-und-vertraege-gewerbemietvertrag\\\/\",\"name\":\"\u25b7Recht und Vertr\u00e4ge \u2013 Gewerbemietvertrag - PreSales Marketing\",\"isPartOf\":{\"@id\":\"https:\\\/\\\/nabenhauer-consulting.com\\\/blog\\\/#website\"},\"datePublished\":\"2016-01-29T20:23:16+00:00\",\"author\":{\"@id\":\"https:\\\/\\\/nabenhauer-consulting.com\\\/blog\\\/#\\\/schema\\\/person\\\/d74c98cb4163d1bbdc859d185c6c1812\"},\"breadcrumb\":{\"@id\":\"https:\\\/\\\/nabenhauer-consulting.com\\\/blog\\\/recht-und-vertraege-gewerbemietvertrag\\\/#breadcrumb\"},\"inLanguage\":\"de\",\"potentialAction\":[{\"@type\":\"ReadAction\",\"target\":[\"https:\\\/\\\/nabenhauer-consulting.com\\\/blog\\\/recht-und-vertraege-gewerbemietvertrag\\\/\"]}]},{\"@type\":\"BreadcrumbList\",\"@id\":\"https:\\\/\\\/nabenhauer-consulting.com\\\/blog\\\/recht-und-vertraege-gewerbemietvertrag\\\/#breadcrumb\",\"itemListElement\":[{\"@type\":\"ListItem\",\"position\":1,\"name\":\"Home\",\"item\":\"https:\\\/\\\/nabenhauer-consulting.com\\\/blog\\\/\"},{\"@type\":\"ListItem\",\"position\":2,\"name\":\"Recht und Vertr\u00e4ge \u2013 Gewerbemietvertrag\"}]},{\"@type\":\"WebSite\",\"@id\":\"https:\\\/\\\/nabenhauer-consulting.com\\\/blog\\\/#website\",\"url\":\"https:\\\/\\\/nabenhauer-consulting.com\\\/blog\\\/\",\"name\":\"PreSales Marketing\",\"description\":\"Das Erfolgsprinzip\",\"potentialAction\":[{\"@type\":\"SearchAction\",\"target\":{\"@type\":\"EntryPoint\",\"urlTemplate\":\"https:\\\/\\\/nabenhauer-consulting.com\\\/blog\\\/?s={search_term_string}\"},\"query-input\":{\"@type\":\"PropertyValueSpecification\",\"valueRequired\":true,\"valueName\":\"search_term_string\"}}],\"inLanguage\":\"de\"},{\"@type\":\"Person\",\"@id\":\"https:\\\/\\\/nabenhauer-consulting.com\\\/blog\\\/#\\\/schema\\\/person\\\/d74c98cb4163d1bbdc859d185c6c1812\",\"name\":\"Robert Nabenhauer\",\"image\":{\"@type\":\"ImageObject\",\"inLanguage\":\"de\",\"@id\":\"https:\\\/\\\/secure.gravatar.com\\\/avatar\\\/e55a96e72516231a0063daccde5496b98f44c8509034a9595f7458b622ca191c?s=96&d=mm&r=g\",\"url\":\"https:\\\/\\\/secure.gravatar.com\\\/avatar\\\/e55a96e72516231a0063daccde5496b98f44c8509034a9595f7458b622ca191c?s=96&d=mm&r=g\",\"contentUrl\":\"https:\\\/\\\/secure.gravatar.com\\\/avatar\\\/e55a96e72516231a0063daccde5496b98f44c8509034a9595f7458b622ca191c?s=96&d=mm&r=g\",\"caption\":\"Robert Nabenhauer\"}}]}<\/script>\n<!-- \/ Yoast SEO plugin. -->","yoast_head_json":{"title":"\u25b7Recht und Vertr\u00e4ge \u2013 Gewerbemietvertrag - PreSales Marketing","robots":{"index":"index","follow":"follow","max-snippet":"max-snippet:-1","max-image-preview":"max-image-preview:large","max-video-preview":"max-video-preview:-1"},"canonical":"https:\/\/nabenhauer-consulting.com\/blog\/recht-und-vertraege-gewerbemietvertrag\/","twitter_misc":{"Verfasst von":"Robert Nabenhauer"},"schema":{"@context":"https:\/\/schema.org","@graph":[{"@type":"Article","@id":"https:\/\/nabenhauer-consulting.com\/blog\/recht-und-vertraege-gewerbemietvertrag\/#article","isPartOf":{"@id":"https:\/\/nabenhauer-consulting.com\/blog\/recht-und-vertraege-gewerbemietvertrag\/"},"author":{"name":"Robert Nabenhauer","@id":"https:\/\/nabenhauer-consulting.com\/blog\/#\/schema\/person\/d74c98cb4163d1bbdc859d185c6c1812"},"headline":"Recht und Vertr\u00e4ge \u2013 Gewerbemietvertrag","datePublished":"2016-01-29T20:23:16+00:00","mainEntityOfPage":{"@id":"https:\/\/nabenhauer-consulting.com\/blog\/recht-und-vertraege-gewerbemietvertrag\/"},"wordCount":62,"commentCount":0,"articleSection":["Vertrieb"],"inLanguage":"de"},{"@type":"WebPage","@id":"https:\/\/nabenhauer-consulting.com\/blog\/recht-und-vertraege-gewerbemietvertrag\/","url":"https:\/\/nabenhauer-consulting.com\/blog\/recht-und-vertraege-gewerbemietvertrag\/","name":"\u25b7Recht und Vertr\u00e4ge \u2013 Gewerbemietvertrag - PreSales Marketing","isPartOf":{"@id":"https:\/\/nabenhauer-consulting.com\/blog\/#website"},"datePublished":"2016-01-29T20:23:16+00:00","author":{"@id":"https:\/\/nabenhauer-consulting.com\/blog\/#\/schema\/person\/d74c98cb4163d1bbdc859d185c6c1812"},"breadcrumb":{"@id":"https:\/\/nabenhauer-consulting.com\/blog\/recht-und-vertraege-gewerbemietvertrag\/#breadcrumb"},"inLanguage":"de","potentialAction":[{"@type":"ReadAction","target":["https:\/\/nabenhauer-consulting.com\/blog\/recht-und-vertraege-gewerbemietvertrag\/"]}]},{"@type":"BreadcrumbList","@id":"https:\/\/nabenhauer-consulting.com\/blog\/recht-und-vertraege-gewerbemietvertrag\/#breadcrumb","itemListElement":[{"@type":"ListItem","position":1,"name":"Home","item":"https:\/\/nabenhauer-consulting.com\/blog\/"},{"@type":"ListItem","position":2,"name":"Recht und Vertr\u00e4ge \u2013 Gewerbemietvertrag"}]},{"@type":"WebSite","@id":"https:\/\/nabenhauer-consulting.com\/blog\/#website","url":"https:\/\/nabenhauer-consulting.com\/blog\/","name":"PreSales Marketing","description":"Das Erfolgsprinzip","potentialAction":[{"@type":"SearchAction","target":{"@type":"EntryPoint","urlTemplate":"https:\/\/nabenhauer-consulting.com\/blog\/?s={search_term_string}"},"query-input":{"@type":"PropertyValueSpecification","valueRequired":true,"valueName":"search_term_string"}}],"inLanguage":"de"},{"@type":"Person","@id":"https:\/\/nabenhauer-consulting.com\/blog\/#\/schema\/person\/d74c98cb4163d1bbdc859d185c6c1812","name":"Robert Nabenhauer","image":{"@type":"ImageObject","inLanguage":"de","@id":"https:\/\/secure.gravatar.com\/avatar\/e55a96e72516231a0063daccde5496b98f44c8509034a9595f7458b622ca191c?s=96&d=mm&r=g","url":"https:\/\/secure.gravatar.com\/avatar\/e55a96e72516231a0063daccde5496b98f44c8509034a9595f7458b622ca191c?s=96&d=mm&r=g","contentUrl":"https:\/\/secure.gravatar.com\/avatar\/e55a96e72516231a0063daccde5496b98f44c8509034a9595f7458b622ca191c?s=96&d=mm&r=g","caption":"Robert Nabenhauer"}}]}},"_links":{"self":[{"href":"https:\/\/nabenhauer-consulting.com\/blog\/wp-json\/wp\/v2\/posts\/11401","targetHints":{"allow":["GET"]}}],"collection":[{"href":"https:\/\/nabenhauer-consulting.com\/blog\/wp-json\/wp\/v2\/posts"}],"about":[{"href":"https:\/\/nabenhauer-consulting.com\/blog\/wp-json\/wp\/v2\/types\/post"}],"author":[{"embeddable":true,"href":"https:\/\/nabenhauer-consulting.com\/blog\/wp-json\/wp\/v2\/users\/11"}],"replies":[{"embeddable":true,"href":"https:\/\/nabenhauer-consulting.com\/blog\/wp-json\/wp\/v2\/comments?post=11401"}],"version-history":[{"count":0,"href":"https:\/\/nabenhauer-consulting.com\/blog\/wp-json\/wp\/v2\/posts\/11401\/revisions"}],"wp:attachment":[{"href":"https:\/\/nabenhauer-consulting.com\/blog\/wp-json\/wp\/v2\/media?parent=11401"}],"wp:term":[{"taxonomy":"category","embeddable":true,"href":"https:\/\/nabenhauer-consulting.com\/blog\/wp-json\/wp\/v2\/categories?post=11401"},{"taxonomy":"post_tag","embeddable":true,"href":"https:\/\/nabenhauer-consulting.com\/blog\/wp-json\/wp\/v2\/tags?post=11401"}],"curies":[{"name":"wp","href":"https:\/\/api.w.org\/{rel}","templated":true}]}}