{"id":10791,"date":"2015-12-17T11:35:38","date_gmt":"2015-12-17T10:35:38","guid":{"rendered":"http:\/\/www.presalesmarketing-blog.com\/?p=10791"},"modified":"2015-12-17T11:35:38","modified_gmt":"2015-12-17T10:35:38","slug":"lieber-herr-zuckerberg-todenhoefers-anti-hass-appell-an-den-facebook-chef","status":"publish","type":"post","link":"https:\/\/nabenhauer-consulting.com\/blog\/lieber-herr-zuckerberg-todenhoefers-anti-hass-appell-an-den-facebook-chef\/","title":{"rendered":"\u201eLieber Herr Zuckerberg \u2026\u201c Todenh\u00f6fers Anti-Hass-Appell an den Facebook-Chef"},"content":{"rendered":"<div class=\"snippet\"><strong>\u201eLieber Herr Zuckerberg \u2026\u201c Todenh\u00f6fers Anti-Hass-Appell an den Facebook-Chef<\/strong><br \/>\nFacebook hat als Ziel ausgegeben, Hass-Botschaften, die nicht den eigenen Standards entsprechen, k\u00fcnftig binnen 24 Stunden l\u00f6schen zu wollen. Der Publizist J\u00fcrgen Todenh\u00f6fer \u00fcbt (auf Facebook) weiter Kritik an dem Sozialen Netzwerk. Er dokumentiert zwei besonders krasse Hass-Kommentare, die Fac<br \/>\n<a href=\"http:\/\/meedia.de\/2015\/12\/16\/lieber-herr-zuckerberg-todenhoefers-anti-hass-appell-an-den-facebook-chef\/\" target=\"_blank\" rel=\"nofollow\">Original Artikel ansehen<\/a><\/p>\n<\/div>\n","protected":false},"excerpt":{"rendered":"<p>\u201eLieber Herr Zuckerberg \u2026\u201c Todenh\u00f6fers Anti-Hass-Appell an den Facebook-Chef Facebook hat als Ziel ausgegeben, Hass-Botschaften, die&hellip;<\/p>\n","protected":false},"author":2,"featured_media":0,"comment_status":"open","ping_status":"open","sticky":false,"template":"","format":"standard","meta":{"title":["\u201eLieber Herr Zuckerberg \u2026\u201c Todenh\u00f6fers Anti-Hass-Appell an den Facebook-Chef"],"description":["\u201eLieber Herr Zuckerberg \u2026\u201c Todenh\u00f6fers Anti-Hass-Appell an den Facebook-ChefFacebook hat als Ziel ausgegeben, Hass-Botschaften,"],"keywords":[""],"_edit_lock":["1450348583:11"],"_edit_last":["11"],"_s2mail":["yes"],"feature_post":[""],"post_media_type":["image"],"quote_author":[""],"link":[""],"embed_code":[""],"slider_button":["0"],"slider_effect":["fade"],"slide_speed":[""],"image_array":[""],"sidebar_selector":[""],"_av_alb_posts_elements_state":["a:0:{}"],"_av_el_mgr_version":["1.0"],"_av_alb_element_mgr_version":["1.0.1"],"penci_post_views_count":["877"],"penci_post_week_views_count":["3"],"penci_post_month_views_count":["17"],"_oembed_92e0f51be67c1e4f707ae09dcae0f7f2":["<iframe title=\"Der SocialMedia-Club von Robert Nabenhauer (PreSales Marketing)\" width=\"1170\" height=\"658\" src=\"https:\/\/www.youtube.com\/embed\/QUmpVtSBgTg?feature=oembed\" frameborder=\"0\" allow=\"accelerometer; autoplay; encrypted-media; gyroscope; picture-in-picture\" allowfullscreen><\/iframe>"],"_oembed_time_92e0f51be67c1e4f707ae09dcae0f7f2":["1572033316"]},"categories":[272],"tags":[],"class_list":["post-10791","post","type-post","status-publish","format-standard","hentry","category-soziale-netzwerke"],"yoast_head":"<!-- This site is optimized with the Yoast SEO plugin v27.5 - https:\/\/yoast.com\/product\/yoast-seo-wordpress\/ -->\n<title>\u25b7\u201eLieber Herr Zuckerberg \u2026\u201c Todenh\u00f6fers Anti-Hass-Appell an den Facebook-Chef - PreSales Marketing<\/title>\n<meta name=\"robots\" content=\"index, follow, max-snippet:-1, max-image-preview:large, max-video-preview:-1\" \/>\n<link rel=\"canonical\" href=\"https:\/\/nabenhauer-consulting.com\/blog\/lieber-herr-zuckerberg-todenhoefers-anti-hass-appell-an-den-facebook-chef\/\" \/>\n<meta name=\"twitter:label1\" content=\"Verfasst von\" \/>\n\t<meta name=\"twitter:data1\" content=\"Robert Nabenhauer\" \/>\n<script type=\"application\/ld+json\" class=\"yoast-schema-graph\">{\"@context\":\"https:\\\/\\\/schema.org\",\"@graph\":[{\"@type\":\"Article\",\"@id\":\"https:\\\/\\\/nabenhauer-consulting.com\\\/blog\\\/lieber-herr-zuckerberg-todenhoefers-anti-hass-appell-an-den-facebook-chef\\\/#article\",\"isPartOf\":{\"@id\":\"https:\\\/\\\/nabenhauer-consulting.com\\\/blog\\\/lieber-herr-zuckerberg-todenhoefers-anti-hass-appell-an-den-facebook-chef\\\/\"},\"author\":{\"name\":\"Robert Nabenhauer\",\"@id\":\"https:\\\/\\\/nabenhauer-consulting.com\\\/blog\\\/#\\\/schema\\\/person\\\/e1d7738f818310ceee71dbcc85e0f12c\"},\"headline\":\"\u201eLieber Herr Zuckerberg \u2026\u201c Todenh\u00f6fers Anti-Hass-Appell an den Facebook-Chef\",\"datePublished\":\"2015-12-17T10:35:38+00:00\",\"mainEntityOfPage\":{\"@id\":\"https:\\\/\\\/nabenhauer-consulting.com\\\/blog\\\/lieber-herr-zuckerberg-todenhoefers-anti-hass-appell-an-den-facebook-chef\\\/\"},\"wordCount\":64,\"commentCount\":0,\"articleSection\":[\"Soziale Netzwerke\"],\"inLanguage\":\"de\"},{\"@type\":\"WebPage\",\"@id\":\"https:\\\/\\\/nabenhauer-consulting.com\\\/blog\\\/lieber-herr-zuckerberg-todenhoefers-anti-hass-appell-an-den-facebook-chef\\\/\",\"url\":\"https:\\\/\\\/nabenhauer-consulting.com\\\/blog\\\/lieber-herr-zuckerberg-todenhoefers-anti-hass-appell-an-den-facebook-chef\\\/\",\"name\":\"\u25b7\u201eLieber Herr Zuckerberg \u2026\u201c Todenh\u00f6fers Anti-Hass-Appell an den Facebook-Chef - PreSales Marketing\",\"isPartOf\":{\"@id\":\"https:\\\/\\\/nabenhauer-consulting.com\\\/blog\\\/#website\"},\"datePublished\":\"2015-12-17T10:35:38+00:00\",\"author\":{\"@id\":\"https:\\\/\\\/nabenhauer-consulting.com\\\/blog\\\/#\\\/schema\\\/person\\\/e1d7738f818310ceee71dbcc85e0f12c\"},\"breadcrumb\":{\"@id\":\"https:\\\/\\\/nabenhauer-consulting.com\\\/blog\\\/lieber-herr-zuckerberg-todenhoefers-anti-hass-appell-an-den-facebook-chef\\\/#breadcrumb\"},\"inLanguage\":\"de\",\"potentialAction\":[{\"@type\":\"ReadAction\",\"target\":[\"https:\\\/\\\/nabenhauer-consulting.com\\\/blog\\\/lieber-herr-zuckerberg-todenhoefers-anti-hass-appell-an-den-facebook-chef\\\/\"]}]},{\"@type\":\"BreadcrumbList\",\"@id\":\"https:\\\/\\\/nabenhauer-consulting.com\\\/blog\\\/lieber-herr-zuckerberg-todenhoefers-anti-hass-appell-an-den-facebook-chef\\\/#breadcrumb\",\"itemListElement\":[{\"@type\":\"ListItem\",\"position\":1,\"name\":\"Home\",\"item\":\"https:\\\/\\\/nabenhauer-consulting.com\\\/blog\\\/\"},{\"@type\":\"ListItem\",\"position\":2,\"name\":\"\u201eLieber Herr Zuckerberg \u2026\u201c Todenh\u00f6fers Anti-Hass-Appell an den Facebook-Chef\"}]},{\"@type\":\"WebSite\",\"@id\":\"https:\\\/\\\/nabenhauer-consulting.com\\\/blog\\\/#website\",\"url\":\"https:\\\/\\\/nabenhauer-consulting.com\\\/blog\\\/\",\"name\":\"PreSales Marketing\",\"description\":\"Das Erfolgsprinzip\",\"potentialAction\":[{\"@type\":\"SearchAction\",\"target\":{\"@type\":\"EntryPoint\",\"urlTemplate\":\"https:\\\/\\\/nabenhauer-consulting.com\\\/blog\\\/?s={search_term_string}\"},\"query-input\":{\"@type\":\"PropertyValueSpecification\",\"valueRequired\":true,\"valueName\":\"search_term_string\"}}],\"inLanguage\":\"de\"},{\"@type\":\"Person\",\"@id\":\"https:\\\/\\\/nabenhauer-consulting.com\\\/blog\\\/#\\\/schema\\\/person\\\/e1d7738f818310ceee71dbcc85e0f12c\",\"name\":\"Robert Nabenhauer\",\"image\":{\"@type\":\"ImageObject\",\"inLanguage\":\"de\",\"@id\":\"https:\\\/\\\/secure.gravatar.com\\\/avatar\\\/d70bec3c7810b092eeb2221258be4fe1b1a4b5be893e48f143dad853ad33681d?s=96&d=mm&r=g\",\"url\":\"https:\\\/\\\/secure.gravatar.com\\\/avatar\\\/d70bec3c7810b092eeb2221258be4fe1b1a4b5be893e48f143dad853ad33681d?s=96&d=mm&r=g\",\"contentUrl\":\"https:\\\/\\\/secure.gravatar.com\\\/avatar\\\/d70bec3c7810b092eeb2221258be4fe1b1a4b5be893e48f143dad853ad33681d?s=96&d=mm&r=g\",\"caption\":\"Robert Nabenhauer\"}}]}<\/script>\n<!-- \/ Yoast SEO plugin. -->","yoast_head_json":{"title":"\u25b7\u201eLieber Herr Zuckerberg \u2026\u201c Todenh\u00f6fers Anti-Hass-Appell an den Facebook-Chef - PreSales Marketing","robots":{"index":"index","follow":"follow","max-snippet":"max-snippet:-1","max-image-preview":"max-image-preview:large","max-video-preview":"max-video-preview:-1"},"canonical":"https:\/\/nabenhauer-consulting.com\/blog\/lieber-herr-zuckerberg-todenhoefers-anti-hass-appell-an-den-facebook-chef\/","twitter_misc":{"Verfasst von":"Robert Nabenhauer"},"schema":{"@context":"https:\/\/schema.org","@graph":[{"@type":"Article","@id":"https:\/\/nabenhauer-consulting.com\/blog\/lieber-herr-zuckerberg-todenhoefers-anti-hass-appell-an-den-facebook-chef\/#article","isPartOf":{"@id":"https:\/\/nabenhauer-consulting.com\/blog\/lieber-herr-zuckerberg-todenhoefers-anti-hass-appell-an-den-facebook-chef\/"},"author":{"name":"Robert Nabenhauer","@id":"https:\/\/nabenhauer-consulting.com\/blog\/#\/schema\/person\/e1d7738f818310ceee71dbcc85e0f12c"},"headline":"\u201eLieber Herr Zuckerberg \u2026\u201c Todenh\u00f6fers Anti-Hass-Appell an den Facebook-Chef","datePublished":"2015-12-17T10:35:38+00:00","mainEntityOfPage":{"@id":"https:\/\/nabenhauer-consulting.com\/blog\/lieber-herr-zuckerberg-todenhoefers-anti-hass-appell-an-den-facebook-chef\/"},"wordCount":64,"commentCount":0,"articleSection":["Soziale Netzwerke"],"inLanguage":"de"},{"@type":"WebPage","@id":"https:\/\/nabenhauer-consulting.com\/blog\/lieber-herr-zuckerberg-todenhoefers-anti-hass-appell-an-den-facebook-chef\/","url":"https:\/\/nabenhauer-consulting.com\/blog\/lieber-herr-zuckerberg-todenhoefers-anti-hass-appell-an-den-facebook-chef\/","name":"\u25b7\u201eLieber Herr Zuckerberg \u2026\u201c Todenh\u00f6fers Anti-Hass-Appell an den Facebook-Chef - PreSales Marketing","isPartOf":{"@id":"https:\/\/nabenhauer-consulting.com\/blog\/#website"},"datePublished":"2015-12-17T10:35:38+00:00","author":{"@id":"https:\/\/nabenhauer-consulting.com\/blog\/#\/schema\/person\/e1d7738f818310ceee71dbcc85e0f12c"},"breadcrumb":{"@id":"https:\/\/nabenhauer-consulting.com\/blog\/lieber-herr-zuckerberg-todenhoefers-anti-hass-appell-an-den-facebook-chef\/#breadcrumb"},"inLanguage":"de","potentialAction":[{"@type":"ReadAction","target":["https:\/\/nabenhauer-consulting.com\/blog\/lieber-herr-zuckerberg-todenhoefers-anti-hass-appell-an-den-facebook-chef\/"]}]},{"@type":"BreadcrumbList","@id":"https:\/\/nabenhauer-consulting.com\/blog\/lieber-herr-zuckerberg-todenhoefers-anti-hass-appell-an-den-facebook-chef\/#breadcrumb","itemListElement":[{"@type":"ListItem","position":1,"name":"Home","item":"https:\/\/nabenhauer-consulting.com\/blog\/"},{"@type":"ListItem","position":2,"name":"\u201eLieber Herr Zuckerberg \u2026\u201c Todenh\u00f6fers Anti-Hass-Appell an den Facebook-Chef"}]},{"@type":"WebSite","@id":"https:\/\/nabenhauer-consulting.com\/blog\/#website","url":"https:\/\/nabenhauer-consulting.com\/blog\/","name":"PreSales Marketing","description":"Das Erfolgsprinzip","potentialAction":[{"@type":"SearchAction","target":{"@type":"EntryPoint","urlTemplate":"https:\/\/nabenhauer-consulting.com\/blog\/?s={search_term_string}"},"query-input":{"@type":"PropertyValueSpecification","valueRequired":true,"valueName":"search_term_string"}}],"inLanguage":"de"},{"@type":"Person","@id":"https:\/\/nabenhauer-consulting.com\/blog\/#\/schema\/person\/e1d7738f818310ceee71dbcc85e0f12c","name":"Robert Nabenhauer","image":{"@type":"ImageObject","inLanguage":"de","@id":"https:\/\/secure.gravatar.com\/avatar\/d70bec3c7810b092eeb2221258be4fe1b1a4b5be893e48f143dad853ad33681d?s=96&d=mm&r=g","url":"https:\/\/secure.gravatar.com\/avatar\/d70bec3c7810b092eeb2221258be4fe1b1a4b5be893e48f143dad853ad33681d?s=96&d=mm&r=g","contentUrl":"https:\/\/secure.gravatar.com\/avatar\/d70bec3c7810b092eeb2221258be4fe1b1a4b5be893e48f143dad853ad33681d?s=96&d=mm&r=g","caption":"Robert Nabenhauer"}}]}},"_links":{"self":[{"href":"https:\/\/nabenhauer-consulting.com\/blog\/wp-json\/wp\/v2\/posts\/10791","targetHints":{"allow":["GET"]}}],"collection":[{"href":"https:\/\/nabenhauer-consulting.com\/blog\/wp-json\/wp\/v2\/posts"}],"about":[{"href":"https:\/\/nabenhauer-consulting.com\/blog\/wp-json\/wp\/v2\/types\/post"}],"author":[{"embeddable":true,"href":"https:\/\/nabenhauer-consulting.com\/blog\/wp-json\/wp\/v2\/users\/2"}],"replies":[{"embeddable":true,"href":"https:\/\/nabenhauer-consulting.com\/blog\/wp-json\/wp\/v2\/comments?post=10791"}],"version-history":[{"count":0,"href":"https:\/\/nabenhauer-consulting.com\/blog\/wp-json\/wp\/v2\/posts\/10791\/revisions"}],"wp:attachment":[{"href":"https:\/\/nabenhauer-consulting.com\/blog\/wp-json\/wp\/v2\/media?parent=10791"}],"wp:term":[{"taxonomy":"category","embeddable":true,"href":"https:\/\/nabenhauer-consulting.com\/blog\/wp-json\/wp\/v2\/categories?post=10791"},{"taxonomy":"post_tag","embeddable":true,"href":"https:\/\/nabenhauer-consulting.com\/blog\/wp-json\/wp\/v2\/tags?post=10791"}],"curies":[{"name":"wp","href":"https:\/\/api.w.org\/{rel}","templated":true}]}}