{"id":10568,"date":"2015-12-03T11:43:51","date_gmt":"2015-12-03T10:43:51","guid":{"rendered":"http:\/\/www.presalesmarketing-blog.com\/?p=10568"},"modified":"2015-12-03T11:43:51","modified_gmt":"2015-12-03T10:43:51","slug":"historische-spiegel-reform-der-wille-ist-da-viel-mehr-aber-auch-noch-nicht","status":"publish","type":"post","link":"https:\/\/nabenhauer-consulting.com\/blog\/historische-spiegel-reform-der-wille-ist-da-viel-mehr-aber-auch-noch-nicht\/","title":{"rendered":"Historische Spiegel Reform: Der Wille ist da, viel mehr aber auch (noch) nicht"},"content":{"rendered":"<div class=\"snippet\"><strong>Historische Spiegel Reform: Der Wille ist da, viel mehr aber auch (noch) nicht<\/strong><br \/>\nPublishing Da ist sie also, die gro\u00dfe Spiegel-Reform, zumindest auf dem von den Gesellschaftern abgesegneten Papier. Von einem historischen Projekt ist an der Ericusspitze die Rede, von einer &#8222;neuen Kultur der Zusammenarbeit&#8220;. Der Spiegel hat sich \u2013 unter dem Druck sinkender Erl\u00f6se \u2013 selbst einen Sparkurs verordnet und will nebenbei trotz der Effizienz-Ma\u00dfnahmen wachsen. Kann das gut gehen? Man kann nur ahnen, welche Kraftanstrengung dahinter steckt, denn schlie\u00dflich haben sich gro\u00dfen Teile des Hauses \u00fcber Jahre mit allen Mitteln gegen sp\u00fcrbare Kostenreduzierung gestemmt. Nun scheint man sich einig, und das ist erst einmal gut so. Das jetzt vorgestellte Sanierungskonzept ist nicht das Werk externer Experten oder Unternehmensberater; es ist in den Abteilungen entwickelt worden. Mehr als 80 Ressortverantwortliche haben dem Vernehmen nach dazu beigetragen, und sie stehen ehern hinter dem, was Gesch\u00e4ftsf\u00fchrer Thomas Hass sowie die Chefredakteure Klaus Brinkb\u00e4umer und Florian Harms der \u00d6ffentlichkeit pr\u00e4sentierten. Trotzdem oder auch gerade deshalb sollte das Programm im Ganzen auf seine Plausibilit\u00e4t und Machbarkeit durchleuchtet werden.\u00a0Betrachtet man die einzelnen Punkte, so f\u00e4llt es schwer, den Optimismus der Top-F\u00fchrungskr\u00e4fte zu teilen. 16,1 Millionen wolle man sparen, k\u00fcndigte Thomas Hass an und schr\u00e4nkt zugleich ein, dass dies wohl nicht ganz gelingen werde: auf 20 Prozent taxiert er das \u201eUmsetzungsrisiko\u201c, das w\u00e4re gut 3 Millionen Euro. Das klingt \u00fcberschaubar, aber ist die Einsch\u00e4tzung auch realistisch? Vieles von dem, was heute gesagt wurde, hat nach wie vor Ank\u00fcndigungscharakter: Gespr\u00e4che mit externen Dienstleistern, die Aufgaben von ausgeschiedenen Festangestellten \u00fcbernehmen sollen, stehen noch am Anfang, wenn sie denn \u00fcberhaupt schon angebahnt worden sind. Vor Ende Mai 2016, hei\u00dft es, werde es keine betriebsbedingten K\u00fcndigungen geben. Fast 10 Millionen Euro, der L\u00f6wenanteil des Sparprogramms, soll durch \u201ever\u00e4nderte Abl\u00e4ufe\u201c hereingeholt oder besser gesagt nicht wie bisher ausgegeben werden. Die Frage wird weiter im Raum stehen: Wie soll das funktionieren? Schon die Ansage der Reformer, betriebsbedingte K\u00fcndigungen wenn eben m\u00f6glich vermeiden zu wollen, klingt wie ein Beruhigungsmittel f\u00fcr die verunsicherte Mannschaft. Bei 150 Stellen, die in wenig mehr als eineinhalb Jahren abgebaut werden m\u00fcssen, ist dies \u2013 schon angesichts der meist komfortabel ausgestatteten Vertr\u00e4ge der Angestellten \u2013 kaum glaubhaft und nur umsetzbar, wenn horrende Betr\u00e4ge f\u00fcr die Restrukturierung zur\u00fcckgestellt und aufgewendet werden. Die Top-Manager beim Spiegel d\u00fcrften sich dessen bewusst sein, aber schon aufgrund der ab Januar laufenden Wahlen f\u00fcr die Gesch\u00e4ftsf\u00fchrung der Mitarbeiter KG werden sie alles tun, um die bis M\u00e4rz dauernde Selektion nicht zu belasten. Erst danach steht die harte Tour auf dem Programm, und auch aus Erfahrungen im eigenen Haus wird man wissen, dass das zweite Quartal kein leichtes sein wird: Als bei Spiegel TV Massenentlassungen anstanden, hatte der Verlag auf Kooperation der Betroffenen\u00a0gesetzt und am Ende doch kaum Freiwillige gefunden, die einer einvernehmlichen Trennung zustimmten statt den Klageweg zu w\u00e4hlen. Es braucht keinen Propheten, um anzunehmen, dass der R\u00fcckbau im Apparat l\u00e4nger dauert, mehr kostet und unterm Strich weniger einspart als heute im Best-Case-minus-20-Prozent-Szenario kalkuliert. Schon heute argw\u00f6hnen interne Skeptiker, dass die einflussreiche Printredaktion mit den zahlreichen hoch dotierten Vertr\u00e4gen praktisch au\u00dfen vor bleibt: Der Stellenabbau werde vor allem in den Randbereichen wie bei der digitalen Bildbearbeitung erfolgen. Und die Online-Redaktion ist mit der heute genannten Zahl von 173 Redakteuren im Vergleich zu Wettbewerbern personell zwei- bis drei Mal so stark besetzt. Sicher, die\u00a0journalistische Qualit\u00e4t ist das Kernelement der Spiegel-DNA, die es zu sch\u00fctzen gilt. Aber der Eindruck, dass dieser Bereich an der Ericusspitze wie sonst in der Branche nur bei der FAZ mit ihren m\u00e4chtigen Herausgebern sakrosankt ist, best\u00e4tigt das jetzt\u00a0aufgelegte Zukunftsprogramm\u00a0eher, als dass es damit aufr\u00e4umt. War es ohnehin klar, dass aufgrund der komplizierten Konstruktion des Spiegel-Verlags ein Sparkurs nur unter Einbindung der stillen Gesellschafter m\u00f6glich und deshalb kaum so effizient ausfallen kann wie in anderen Unternehmen, so ist das Wachstumsprogramm am Ende vielleicht entscheidender. 15 Projekte wurden im Haus in den vergangenen Monaten entwickelt, 11 werden nun umgesetzt, davon allein 10 im digitalen Bereich. Darunter: eine neue App f\u00fcr das digitale Magazin, innovative Anzeigen-Gestaltungen, Einzelverkauf von Artikeln, eine kostenpflichtige \u201eDaily\u201c-App oder ein Pilot-Projekt mit regionale Seiten in Nordrhein-Westfalen (der Focus hat diese vor langem wegen wirtschaftlicher Erfolgslosigkeit eingestellt). Das sind sicherlich interessante Testballons, eine Geling-Garantie gibt es nicht. Man wird halt probieren und analysieren, von Fall zu Fall und Schritt f\u00fcr Schritt. Die Richtung stimmt, aber es wirklich \u00fcberzeugen kann das Kombi-Programm vom Spiegel nicht, zumindest noch nicht. Gro\u00dfe W\u00fcrfe mit hohem Synergie-Effekt, wie etwa eine (m\u00f6glicherweise sinnvolle) Vermarktung des Spiegel durch Gruner + Jahr, fehlen in dem Konzept. Es ist eben hausgemacht, was seine St\u00e4rke ausmacht, aber auch gewisse Limits setzt. An der B\u00f6rse w\u00fcrden Analysten bei einem vergleichbaren Paket einer Aktien-Gesellschaft wohl eher die Daumen senken. Die Aktion\u00e4re der Spiegel-Gruppe sind die Angestellten selbst; sie haben nun wertvolle Zeit gewonnen, in der sie beweisen m\u00fcssen, dass sie es nicht nur ernst meinen, sondern dass sie mit dem R\u00fccken zur Wand auch Ernst machen. Bei den Minderheits-Gesellschaftern, die den internen K\u00e4mpfen in der Vergangenheit manchmal hilflos zuschauen mussten, d\u00fcrfte man erleichtert sein. Der erste Schritt der Vernunft ist getan \u2013 nicht weniger, aber auch nicht mehr. Da ist sie also, die gro\u00dfe Spiegel-Reform, zumindest auf dem von den Gesellschaftern abgesegneten Papier. Von einem historischen Projekt ist\u2026 Deutsche Sprachexperten haben entschieden: &#8222;Der Mann, der die Mauer niederstammelte&#8220; ist die beste Schlagzeile des Jahres 2015. Zu lesen war\u2026 Im Bremer Weser-Kurier (WK) wird man auch weiterhin keine von Robotern geschriebenen Fu\u00dfballberichte finden. Lediglich das Onlineportal Sportbuzzer, das von\u2026 Erneut blieben die drei gro\u00dfen Wochenmagazine Spiegel, stern und Focus im Einzelverkauf unter ihrem Normalniveau. Am schlimmsten erwischte es den\u2026 Der November hat dem Fernsehmarkt einige Ver\u00e4nderungen beschert. So fiel RTL wieder deutlich hinter Das Erste und den Marktf\u00fchrer ZDF\u2026 \u00a9 2014 MEEDIA GmbH &amp; Co. KG &#8211; ein Unternehmen der Verlagsgruppe Handelsblatt GmbH &amp; Co. KG Keine Gew\u00e4hr f\u00fcr die Richtigkeit der Angaben. Bitte beachten Sie auch folgende Nutzungshinweise, die Datenschutzerkl\u00e4rung und das Impressum&#8230;.<br \/>\n<a href=\"https:\/\/meedia.de\/2015\/12\/01\/historische-spiegel-reform-der-wille-ist-da-viel-mehr-aber-auch-noch-nicht\/\" target=\"_blank\" rel=\"nofollow\">Original Artikel ansehen<\/a><\/p>\n<\/div>\n","protected":false},"excerpt":{"rendered":"<p>Historische Spiegel Reform: Der Wille ist da, viel mehr aber auch (noch) nicht Publishing Da ist&hellip;<\/p>\n","protected":false},"author":2,"featured_media":0,"comment_status":"open","ping_status":"open","sticky":false,"template":"","format":"standard","meta":{"title":["Historische Spiegel Reform: Der Wille ist da, viel mehr aber auch (noch) nicht"],"description":["Historische Spiegel Reform: Der Wille ist da, viel mehr aber auch (noch) nichtPublishing Da ist sie also, die gro\u00dfe Spiegel-Reform, z"],"keywords":[""],"_edit_lock":["1449139494:11"],"_edit_last":["11"],"_s2mail":["yes"],"feature_post":[""],"post_media_type":["image"],"quote_author":[""],"link":[""],"embed_code":[""],"slider_button":["0"],"slider_effect":["fade"],"slide_speed":[""],"image_array":[""],"sidebar_selector":[""],"_av_alb_posts_elements_state":["a:0:{}"],"_av_el_mgr_version":["1.0"],"_av_alb_element_mgr_version":["1.0.1"],"penci_post_views_count":["770"],"penci_post_week_views_count":["0"],"penci_post_month_views_count":["15"],"_oembed_92e0f51be67c1e4f707ae09dcae0f7f2":["<iframe title=\"Der SocialMedia-Club von Robert Nabenhauer (PreSales Marketing)\" width=\"1170\" height=\"658\" src=\"https:\/\/www.youtube.com\/embed\/QUmpVtSBgTg?feature=oembed\" frameborder=\"0\" allow=\"accelerometer; autoplay; encrypted-media; gyroscope; picture-in-picture\" allowfullscreen><\/iframe>"],"_oembed_time_92e0f51be67c1e4f707ae09dcae0f7f2":["1572396471"]},"categories":[272],"tags":[],"class_list":["post-10568","post","type-post","status-publish","format-standard","hentry","category-soziale-netzwerke"],"yoast_head":"<!-- This site is optimized with the Yoast SEO plugin v27.5 - https:\/\/yoast.com\/product\/yoast-seo-wordpress\/ -->\n<title>\u25b7Historische Spiegel Reform: Der Wille ist da, viel mehr aber auch (noch) nicht - PreSales Marketing<\/title>\n<meta name=\"robots\" content=\"index, follow, max-snippet:-1, max-image-preview:large, max-video-preview:-1\" \/>\n<link rel=\"canonical\" href=\"https:\/\/nabenhauer-consulting.com\/blog\/historische-spiegel-reform-der-wille-ist-da-viel-mehr-aber-auch-noch-nicht\/\" \/>\n<meta name=\"twitter:label1\" content=\"Verfasst von\" \/>\n\t<meta name=\"twitter:data1\" content=\"Robert Nabenhauer\" \/>\n\t<meta name=\"twitter:label2\" content=\"Gesch\u00e4tzte Lesezeit\" \/>\n\t<meta name=\"twitter:data2\" content=\"5\u00a0Minuten\" \/>\n<script type=\"application\/ld+json\" class=\"yoast-schema-graph\">{\"@context\":\"https:\\\/\\\/schema.org\",\"@graph\":[{\"@type\":\"Article\",\"@id\":\"https:\\\/\\\/nabenhauer-consulting.com\\\/blog\\\/historische-spiegel-reform-der-wille-ist-da-viel-mehr-aber-auch-noch-nicht\\\/#article\",\"isPartOf\":{\"@id\":\"https:\\\/\\\/nabenhauer-consulting.com\\\/blog\\\/historische-spiegel-reform-der-wille-ist-da-viel-mehr-aber-auch-noch-nicht\\\/\"},\"author\":{\"name\":\"Robert Nabenhauer\",\"@id\":\"https:\\\/\\\/nabenhauer-consulting.com\\\/blog\\\/#\\\/schema\\\/person\\\/e1d7738f818310ceee71dbcc85e0f12c\"},\"headline\":\"Historische Spiegel Reform: Der Wille ist da, viel mehr aber auch (noch) nicht\",\"datePublished\":\"2015-12-03T10:43:51+00:00\",\"mainEntityOfPage\":{\"@id\":\"https:\\\/\\\/nabenhauer-consulting.com\\\/blog\\\/historische-spiegel-reform-der-wille-ist-da-viel-mehr-aber-auch-noch-nicht\\\/\"},\"wordCount\":1054,\"commentCount\":0,\"articleSection\":[\"Soziale Netzwerke\"],\"inLanguage\":\"de\"},{\"@type\":\"WebPage\",\"@id\":\"https:\\\/\\\/nabenhauer-consulting.com\\\/blog\\\/historische-spiegel-reform-der-wille-ist-da-viel-mehr-aber-auch-noch-nicht\\\/\",\"url\":\"https:\\\/\\\/nabenhauer-consulting.com\\\/blog\\\/historische-spiegel-reform-der-wille-ist-da-viel-mehr-aber-auch-noch-nicht\\\/\",\"name\":\"\u25b7Historische Spiegel Reform: Der Wille ist da, viel mehr aber auch (noch) nicht - PreSales Marketing\",\"isPartOf\":{\"@id\":\"https:\\\/\\\/nabenhauer-consulting.com\\\/blog\\\/#website\"},\"datePublished\":\"2015-12-03T10:43:51+00:00\",\"author\":{\"@id\":\"https:\\\/\\\/nabenhauer-consulting.com\\\/blog\\\/#\\\/schema\\\/person\\\/e1d7738f818310ceee71dbcc85e0f12c\"},\"breadcrumb\":{\"@id\":\"https:\\\/\\\/nabenhauer-consulting.com\\\/blog\\\/historische-spiegel-reform-der-wille-ist-da-viel-mehr-aber-auch-noch-nicht\\\/#breadcrumb\"},\"inLanguage\":\"de\",\"potentialAction\":[{\"@type\":\"ReadAction\",\"target\":[\"https:\\\/\\\/nabenhauer-consulting.com\\\/blog\\\/historische-spiegel-reform-der-wille-ist-da-viel-mehr-aber-auch-noch-nicht\\\/\"]}]},{\"@type\":\"BreadcrumbList\",\"@id\":\"https:\\\/\\\/nabenhauer-consulting.com\\\/blog\\\/historische-spiegel-reform-der-wille-ist-da-viel-mehr-aber-auch-noch-nicht\\\/#breadcrumb\",\"itemListElement\":[{\"@type\":\"ListItem\",\"position\":1,\"name\":\"Home\",\"item\":\"https:\\\/\\\/nabenhauer-consulting.com\\\/blog\\\/\"},{\"@type\":\"ListItem\",\"position\":2,\"name\":\"Historische Spiegel Reform: Der Wille ist da, viel mehr aber auch (noch) nicht\"}]},{\"@type\":\"WebSite\",\"@id\":\"https:\\\/\\\/nabenhauer-consulting.com\\\/blog\\\/#website\",\"url\":\"https:\\\/\\\/nabenhauer-consulting.com\\\/blog\\\/\",\"name\":\"PreSales Marketing\",\"description\":\"Das Erfolgsprinzip\",\"potentialAction\":[{\"@type\":\"SearchAction\",\"target\":{\"@type\":\"EntryPoint\",\"urlTemplate\":\"https:\\\/\\\/nabenhauer-consulting.com\\\/blog\\\/?s={search_term_string}\"},\"query-input\":{\"@type\":\"PropertyValueSpecification\",\"valueRequired\":true,\"valueName\":\"search_term_string\"}}],\"inLanguage\":\"de\"},{\"@type\":\"Person\",\"@id\":\"https:\\\/\\\/nabenhauer-consulting.com\\\/blog\\\/#\\\/schema\\\/person\\\/e1d7738f818310ceee71dbcc85e0f12c\",\"name\":\"Robert Nabenhauer\",\"image\":{\"@type\":\"ImageObject\",\"inLanguage\":\"de\",\"@id\":\"https:\\\/\\\/secure.gravatar.com\\\/avatar\\\/d70bec3c7810b092eeb2221258be4fe1b1a4b5be893e48f143dad853ad33681d?s=96&d=mm&r=g\",\"url\":\"https:\\\/\\\/secure.gravatar.com\\\/avatar\\\/d70bec3c7810b092eeb2221258be4fe1b1a4b5be893e48f143dad853ad33681d?s=96&d=mm&r=g\",\"contentUrl\":\"https:\\\/\\\/secure.gravatar.com\\\/avatar\\\/d70bec3c7810b092eeb2221258be4fe1b1a4b5be893e48f143dad853ad33681d?s=96&d=mm&r=g\",\"caption\":\"Robert Nabenhauer\"}}]}<\/script>\n<!-- \/ Yoast SEO plugin. -->","yoast_head_json":{"title":"\u25b7Historische Spiegel Reform: Der Wille ist da, viel mehr aber auch (noch) nicht - PreSales Marketing","robots":{"index":"index","follow":"follow","max-snippet":"max-snippet:-1","max-image-preview":"max-image-preview:large","max-video-preview":"max-video-preview:-1"},"canonical":"https:\/\/nabenhauer-consulting.com\/blog\/historische-spiegel-reform-der-wille-ist-da-viel-mehr-aber-auch-noch-nicht\/","twitter_misc":{"Verfasst von":"Robert Nabenhauer","Gesch\u00e4tzte Lesezeit":"5\u00a0Minuten"},"schema":{"@context":"https:\/\/schema.org","@graph":[{"@type":"Article","@id":"https:\/\/nabenhauer-consulting.com\/blog\/historische-spiegel-reform-der-wille-ist-da-viel-mehr-aber-auch-noch-nicht\/#article","isPartOf":{"@id":"https:\/\/nabenhauer-consulting.com\/blog\/historische-spiegel-reform-der-wille-ist-da-viel-mehr-aber-auch-noch-nicht\/"},"author":{"name":"Robert Nabenhauer","@id":"https:\/\/nabenhauer-consulting.com\/blog\/#\/schema\/person\/e1d7738f818310ceee71dbcc85e0f12c"},"headline":"Historische Spiegel Reform: Der Wille ist da, viel mehr aber auch (noch) nicht","datePublished":"2015-12-03T10:43:51+00:00","mainEntityOfPage":{"@id":"https:\/\/nabenhauer-consulting.com\/blog\/historische-spiegel-reform-der-wille-ist-da-viel-mehr-aber-auch-noch-nicht\/"},"wordCount":1054,"commentCount":0,"articleSection":["Soziale Netzwerke"],"inLanguage":"de"},{"@type":"WebPage","@id":"https:\/\/nabenhauer-consulting.com\/blog\/historische-spiegel-reform-der-wille-ist-da-viel-mehr-aber-auch-noch-nicht\/","url":"https:\/\/nabenhauer-consulting.com\/blog\/historische-spiegel-reform-der-wille-ist-da-viel-mehr-aber-auch-noch-nicht\/","name":"\u25b7Historische Spiegel Reform: Der Wille ist da, viel mehr aber auch (noch) nicht - PreSales Marketing","isPartOf":{"@id":"https:\/\/nabenhauer-consulting.com\/blog\/#website"},"datePublished":"2015-12-03T10:43:51+00:00","author":{"@id":"https:\/\/nabenhauer-consulting.com\/blog\/#\/schema\/person\/e1d7738f818310ceee71dbcc85e0f12c"},"breadcrumb":{"@id":"https:\/\/nabenhauer-consulting.com\/blog\/historische-spiegel-reform-der-wille-ist-da-viel-mehr-aber-auch-noch-nicht\/#breadcrumb"},"inLanguage":"de","potentialAction":[{"@type":"ReadAction","target":["https:\/\/nabenhauer-consulting.com\/blog\/historische-spiegel-reform-der-wille-ist-da-viel-mehr-aber-auch-noch-nicht\/"]}]},{"@type":"BreadcrumbList","@id":"https:\/\/nabenhauer-consulting.com\/blog\/historische-spiegel-reform-der-wille-ist-da-viel-mehr-aber-auch-noch-nicht\/#breadcrumb","itemListElement":[{"@type":"ListItem","position":1,"name":"Home","item":"https:\/\/nabenhauer-consulting.com\/blog\/"},{"@type":"ListItem","position":2,"name":"Historische Spiegel Reform: Der Wille ist da, viel mehr aber auch (noch) nicht"}]},{"@type":"WebSite","@id":"https:\/\/nabenhauer-consulting.com\/blog\/#website","url":"https:\/\/nabenhauer-consulting.com\/blog\/","name":"PreSales Marketing","description":"Das Erfolgsprinzip","potentialAction":[{"@type":"SearchAction","target":{"@type":"EntryPoint","urlTemplate":"https:\/\/nabenhauer-consulting.com\/blog\/?s={search_term_string}"},"query-input":{"@type":"PropertyValueSpecification","valueRequired":true,"valueName":"search_term_string"}}],"inLanguage":"de"},{"@type":"Person","@id":"https:\/\/nabenhauer-consulting.com\/blog\/#\/schema\/person\/e1d7738f818310ceee71dbcc85e0f12c","name":"Robert Nabenhauer","image":{"@type":"ImageObject","inLanguage":"de","@id":"https:\/\/secure.gravatar.com\/avatar\/d70bec3c7810b092eeb2221258be4fe1b1a4b5be893e48f143dad853ad33681d?s=96&d=mm&r=g","url":"https:\/\/secure.gravatar.com\/avatar\/d70bec3c7810b092eeb2221258be4fe1b1a4b5be893e48f143dad853ad33681d?s=96&d=mm&r=g","contentUrl":"https:\/\/secure.gravatar.com\/avatar\/d70bec3c7810b092eeb2221258be4fe1b1a4b5be893e48f143dad853ad33681d?s=96&d=mm&r=g","caption":"Robert Nabenhauer"}}]}},"_links":{"self":[{"href":"https:\/\/nabenhauer-consulting.com\/blog\/wp-json\/wp\/v2\/posts\/10568","targetHints":{"allow":["GET"]}}],"collection":[{"href":"https:\/\/nabenhauer-consulting.com\/blog\/wp-json\/wp\/v2\/posts"}],"about":[{"href":"https:\/\/nabenhauer-consulting.com\/blog\/wp-json\/wp\/v2\/types\/post"}],"author":[{"embeddable":true,"href":"https:\/\/nabenhauer-consulting.com\/blog\/wp-json\/wp\/v2\/users\/2"}],"replies":[{"embeddable":true,"href":"https:\/\/nabenhauer-consulting.com\/blog\/wp-json\/wp\/v2\/comments?post=10568"}],"version-history":[{"count":0,"href":"https:\/\/nabenhauer-consulting.com\/blog\/wp-json\/wp\/v2\/posts\/10568\/revisions"}],"wp:attachment":[{"href":"https:\/\/nabenhauer-consulting.com\/blog\/wp-json\/wp\/v2\/media?parent=10568"}],"wp:term":[{"taxonomy":"category","embeddable":true,"href":"https:\/\/nabenhauer-consulting.com\/blog\/wp-json\/wp\/v2\/categories?post=10568"},{"taxonomy":"post_tag","embeddable":true,"href":"https:\/\/nabenhauer-consulting.com\/blog\/wp-json\/wp\/v2\/tags?post=10568"}],"curies":[{"name":"wp","href":"https:\/\/api.w.org\/{rel}","templated":true}]}}